{"id":3,"name":"Fernanda Luzzi","url":"","description":"Periodista de la Coordinaci\u00f3n de Extensi\u00f3n de la Facultad de Filosof\u00eda y Humanidades de la Universidad Austral de Chile","link":"https:\/\/humanidades.uach.cl\/respaldo\/author\/fluzzi\/","slug":"fluzzi","meta":[],"simple_local_avatar":null,"_links":{"self":[{"href":"https:\/\/humanidades.uach.cl\/respaldo\/wp-json\/wp\/v2\/users\/3"}],"collection":[{"href":"https:\/\/humanidades.uach.cl\/respaldo\/wp-json\/wp\/v2\/users"}]}}