{"id":588,"date":"2011-11-08T03:42:45","date_gmt":"2011-11-08T03:42:45","guid":{"rendered":"http:\/\/inspiracion.cl\/humanidades\/?p=588"},"modified":"2011-11-08T03:42:45","modified_gmt":"2011-11-08T03:42:45","slug":"profesor-del-instituto-de-comunicacion-social-realiza-proyecto-radial-sobre-conservacion-de-biodiversidad","status":"publish","type":"post","link":"https:\/\/humanidades.uach.cl\/respaldo\/2011\/11\/08\/profesor-del-instituto-de-comunicacion-social-realiza-proyecto-radial-sobre-conservacion-de-biodiversidad\/","title":{"rendered":"Profesor del Instituto de Comunicaci\u00f3n Social Realiza Proyecto Radial Sobre Conservaci\u00f3n de Biodiversidad"},"content":{"rendered":"<div id=\"tag_2\">\n<p id=\"tag_2_1\">Para alcanzar los objetivos del proyecto financiado por el Programa de Naciones Unidas para el Desarrollo (PNUD), se desarrollar\u00e1n c\u00e1psulas explicativas que se difundir\u00e1n v\u00eda radial en la Regi\u00f3n de Los Lagos y Los R\u00edos. La Fundaci\u00f3n FORECOS tiene la misi\u00f3n de llevar a cabo la elaboraci\u00f3n de los productos con el \u00e1rea de comunicaciones del Sistema Regional de \u00c1reas Protegidas (SIRAP).<\/p>\n<p id=\"tag_2_2\">El encargado del proyecto, Marcos Lavado, Periodista y actual docente del Instituto de Comunicaci\u00f3n Social de la UACh, explic\u00f3 que la misi\u00f3n es apoyar en el tratamiento de contenidos que se pretende difundir por medio de esta iniciativa:\u00a0<em id=\"tag_2_3\">\u201cEs el de acercar el lenguaje de la ciencia al p\u00fablico com\u00fan. En ese sentido la radio representa una fuerte herramienta para llegar con mensajes comunicacionales tanto a ni\u00f1os, grandes, trabajadores y due\u00f1as de casa. El desaf\u00edo es romper ese mito de que la ciencia es algo raro o lejano\u201d<\/em>\u00a0, dijo.<\/p>\n<p id=\"tag_2_4\">La idea es introducir y sociabilizar en la poblaci\u00f3n conceptos que tienen que ver con pr\u00e1cticas productivas que ayudan a conservar la biodiversidad, dar valor a la conservaci\u00f3n de \u00e9sta, e incluir a comunidades ind\u00edgenas y otros actores que tienen un rol dentro de estos procesos.<\/p>\n<\/div>\n<div id=\"tag_3\">\n<p id=\"tag_3_0\">Por este motivo la iniciativa se dirige a las dos regiones, ya que seg\u00fan expres\u00f3 Richard Vel\u00e1zquez encargado de comunicaciones del SIRAP Los Lagos:\u00a0<em id=\"tag_3_1\">\u201cSon zonas que tienen una gran biodiversidad, y tienen comunidades que viven cerca de las \u00e1reas protegidas y deben ser parte de todo este proceso\u201d.<\/em><\/p>\n<p id=\"tag_3_2\">En relaci\u00f3n al objetivo de apuntar a la conservaci\u00f3n, Lavado explic\u00f3:\u00a0<em id=\"tag_3_3\">\u201cNo es casualidad los eventos y desastres naturales que vemos a diario. La importancia de la conservaci\u00f3n es un tema que se trabaja hace tiempo pero solamente se le ha tomado el peso debido cuando se est\u00e1 en estado de emergencia.\u00a0 La educaci\u00f3n ambiental y todo mensaje que pueda aportar en este tema, puede marcar la diferencia entre saber que hacer a tiempo o s\u00f3lo observar c\u00f3mo se desmorona nuestra Tierra junto a nosotros\u201d.<\/em><\/p>\n<p id=\"tag_3_4\">As\u00ed el proyecto pretende llegar a la poblaci\u00f3n de manera did\u00e1ctica, utilizando medios de comunicaci\u00f3n como herramientas para lograr los fines que persigue el proyecto.\u00a0<em id=\"tag_3_5\">\u201cEsta campa\u00f1a de educaci\u00f3n y difusi\u00f3n a trav\u00e9s de capsulas radiales, es sumamente importante porque esperamos con estos mensajes llegar a la mayor cantidad de gente posible\u201d,<\/em>coment\u00f3\u00a0<em id=\"tag_3_6\"><\/em>Vel\u00e1zquez\u00a0<em id=\"tag_3_7\">. \u00a0<\/em><\/p>\n<p id=\"tag_3_8\">En este proyecto se incluy\u00f3 a estudiantes de la carrera de Periodismo de la UACh, para apoyar en la sociabilizaci\u00f3n y tratamiento de contenidos. Lavados explic\u00f3: \u201c\u00a0<em id=\"tag_3_9\">El rol fundamental\u00a0 y responsabilidad social la deben pavimentar\u00a0 los futuros comunicadores, quienes ser\u00e1n un puente real de comunicaci\u00f3n entre ciudadan\u00eda y la informaci\u00f3n\u201d.<\/em><\/p>\n<p id=\"tag_3_10\"><em id=\"tag_3_11\">\u201cCon esta iniciativa se pretende aportar a la discusi\u00f3n y din\u00e1mica de entrega de mensajes de conservaci\u00f3n a la comunidad. El conocimiento y herramientas que se genera en la universidad es de calidad pero lo importante es que salga de la Isla llamada Teja\u201d<\/em>\u00a0, concluy\u00f3 el periodista y encargado del proyecto.<\/p>\n<p id=\"tag_3_12\">Vale mencionar, que la Fundaci\u00f3n FORECOS y la Escuela de Periodismo de la Universidad Austral de Chile, han realizado en el \u00faltimo tiempo un importante trabajo en conjunto, a trav\u00e9s de \u00a0diversos proyectos asociativos socio-ambientales como el Concurso de Fotograf\u00eda, \u201cFlora y Fauna de los Humedales de Valdivia\u201d o la Enciclopedia Virtual Fotogr\u00e1fica, a cargo de Lorenzo Palma, estudiante de dicha carrera y actual colaborador de la fundaci\u00f3n.<\/p>\n<\/div>\n","protected":false},"excerpt":{"rendered":"<p>Encargado por el Ministerio de Medio Ambiente y el GEF \u2013 SIRAP, la iniciativa tiene como objetivo difundir y promover la importancia de las \u00e1reas protegidas, la conservaci\u00f3n de la biodiversidad, actividades productivas sustentables,  para as\u00ed fomentar la protecci\u00f3n de la Eco Regi\u00f3n Valdiviana.<\/p>\n","protected":false},"author":1,"featured_media":589,"comment_status":"open","ping_status":"open","sticky":false,"template":"","format":"standard","meta":[],"categories":[1],"tags":[],"_links":{"self":[{"href":"https:\/\/humanidades.uach.cl\/respaldo\/wp-json\/wp\/v2\/posts\/588"}],"collection":[{"href":"https:\/\/humanidades.uach.cl\/respaldo\/wp-json\/wp\/v2\/posts"}],"about":[{"href":"https:\/\/humanidades.uach.cl\/respaldo\/wp-json\/wp\/v2\/types\/post"}],"author":[{"embeddable":true,"href":"https:\/\/humanidades.uach.cl\/respaldo\/wp-json\/wp\/v2\/users\/1"}],"replies":[{"embeddable":true,"href":"https:\/\/humanidades.uach.cl\/respaldo\/wp-json\/wp\/v2\/comments?post=588"}],"version-history":[{"count":1,"href":"https:\/\/humanidades.uach.cl\/respaldo\/wp-json\/wp\/v2\/posts\/588\/revisions"}],"predecessor-version":[{"id":592,"href":"https:\/\/humanidades.uach.cl\/respaldo\/wp-json\/wp\/v2\/posts\/588\/revisions\/592"}],"wp:featuredmedia":[{"embeddable":true,"href":"https:\/\/humanidades.uach.cl\/respaldo\/wp-json\/wp\/v2\/media\/589"}],"wp:attachment":[{"href":"https:\/\/humanidades.uach.cl\/respaldo\/wp-json\/wp\/v2\/media?parent=588"}],"wp:term":[{"taxonomy":"category","embeddable":true,"href":"https:\/\/humanidades.uach.cl\/respaldo\/wp-json\/wp\/v2\/categories?post=588"},{"taxonomy":"post_tag","embeddable":true,"href":"https:\/\/humanidades.uach.cl\/respaldo\/wp-json\/wp\/v2\/tags?post=588"}],"curies":[{"name":"wp","href":"https:\/\/api.w.org\/{rel}","templated":true}]}}