{"id":587,"date":"2011-11-08T03:42:53","date_gmt":"2011-11-08T03:42:53","guid":{"rendered":"http:\/\/inspiracion.cl\/humanidades\/?p=587"},"modified":"2011-11-08T03:42:53","modified_gmt":"2011-11-08T03:42:53","slug":"kelluwen-invita-a-colegios-de-region-de-los-lagos-a-ser-parte-de-una-nueva-apuesta-educacional","status":"publish","type":"post","link":"https:\/\/humanidades.uach.cl\/respaldo\/2011\/11\/08\/kelluwen-invita-a-colegios-de-region-de-los-lagos-a-ser-parte-de-una-nueva-apuesta-educacional\/","title":{"rendered":"Kelluwen invita a colegios de regi\u00f3n de Los Lagos a ser parte de una nueva apuesta educacional"},"content":{"rendered":"<div id=\"tag_2\">\n<p id=\"tag_2_0\">Establecimientos de Puerto Montt y Puerto Varas est\u00e1n invitados a participar de una experiencia did\u00e1ctica colaborativa en el marco del seminario \u201cInnovaci\u00f3n Educativa: La Web 2.0 para la gesti\u00f3n y desarrollo de competencias sociocomunicativas\u201d, que se realizar\u00e1 el pr\u00f3ximo lunes 22 de agosto, desde las 15 hrs, en el Aula Magna del Campus Pelluco de la Universidad Austral de Chile.<\/p>\n<p id=\"tag_2_1\">La jornada, que contar\u00e1 con la presencia de los sostenedores, directivos y jefes de UTP de escuelas y liceos, tiene como objetivo fomentar la discusi\u00f3n en torno a la innovaci\u00f3n did\u00e1ctica y el rol que juega la tecnolog\u00eda, espec\u00edficamente los recursos de la Web 2.0, en el potencial aporte al sistema educativo chileno por medio del mejoramiento de las competencias sociocomunicativas.<\/p>\n<p id=\"tag_2_2\">El seminario ser\u00e1 encabezado por educadores, comunicadores e inform\u00e1ticos del equipo Kelluwen, quienes adem\u00e1s de fomentar la reflexi\u00f3n acerca de una Web 2.0 educativa, dar\u00e1n a conocer experiencias significativas, a partir de la propuesta metodol\u00f3gica con vinculaci\u00f3n curricular dada por la plataforma Kelluwen.<\/p>\n<p id=\"tag_2_3\">Para la doctora Eliana Scheihing Garc\u00eda, Directora del grupo de investigaci\u00f3n Kelluwen esta instancia es de especial relevancia pues \u201cel construir conocimiento compartiendo las experiencias de varios de los actores involucrados en el proceso educativo es fundamental para lograr avances. Tomar la experticia del profesor o profesora, que es quien est\u00e1 en el contexto del aula, es escencial a la hora de proponer nuevos m\u00e9todos de aprendizaje\u201d.<\/p>\n<\/div>\n<div id=\"tag_3\">\n<p id=\"tag_3_0\">Tras la actividad, los establecimientos interesados en incorporar m\u00e9todos innovadores de educaci\u00f3n a sus aulas (desde 7\u00ba b\u00e1sico a 2\u00ba medio), podr\u00e1n postular para tener un cupo en las experiencias did\u00e1cticas programadas para el segundo semestre del 2011.<\/p>\n<p id=\"tag_3_1\"><strong id=\"tag_3_2\">Programa<\/strong><\/p>\n<ul id=\"tag_3_4\">\n<li id=\"tag_3_5\">\u201cLa web 2.0, una posibilidad de innovaci\u00f3n did\u00e1ctica y el proyecto Kelluwen\u201d, a cargo de Mg. Paulo Contreras y Dra. Eliana \u00a0Scheihing.<\/li>\n<li id=\"tag_3_6\">\u201cDise\u00f1os Did\u00e1cticos: propuesta metodol\u00f3gica y vinculaci\u00f3n curricular a trav\u00e9s de la plataforma Kelluwen\u201d, a cargo de Ing. Carolina Aros y Mg. Roberto Casanova.<\/li>\n<li id=\"tag_3_7\">\u201cLa experiencia docente con Web 2.0\u201d, a cargo de Prof. Carolina Stuardo, Prof. Camila D\u00edaz y Prof. Daniela Troncoso.<\/li>\n<\/ul>\n<p><strong id=\"tag_3_8\">M\u00e1s Informaci\u00f3n:\u00a0contacto@kelluwen.cl &#8211;\u00a0Fono\u00a0\u00a0\u00a0\u00a0\u00a0\u00a0\u00a0\u00a0\u00a0\u00a0\u00a0\u00a0\u00a063-293190\u00a0\u00a0\u00a0\u00a0\u00a0\u00a0\u00a0\u00a0<\/strong><\/p>\n<p id=\"tag_3_12\"><strong id=\"tag_3_13\">Mayores informaciones sobre esta iniciativa en\u00a0<a id=\"tag_3_14\" href=\"http:\/\/www.kelluwen.cl\/\">www.kelluwen.cl<\/a><\/strong><\/p>\n<\/div>\n","protected":false},"excerpt":{"rendered":"<p>La iniciativa pretende reunir a establecimientos motivados por trabajar con una did\u00e1ctica basada en los recursos de la Web social.<\/p>\n","protected":false},"author":1,"featured_media":590,"comment_status":"open","ping_status":"open","sticky":false,"template":"","format":"standard","meta":[],"categories":[1],"tags":[],"_links":{"self":[{"href":"https:\/\/humanidades.uach.cl\/respaldo\/wp-json\/wp\/v2\/posts\/587"}],"collection":[{"href":"https:\/\/humanidades.uach.cl\/respaldo\/wp-json\/wp\/v2\/posts"}],"about":[{"href":"https:\/\/humanidades.uach.cl\/respaldo\/wp-json\/wp\/v2\/types\/post"}],"author":[{"embeddable":true,"href":"https:\/\/humanidades.uach.cl\/respaldo\/wp-json\/wp\/v2\/users\/1"}],"replies":[{"embeddable":true,"href":"https:\/\/humanidades.uach.cl\/respaldo\/wp-json\/wp\/v2\/comments?post=587"}],"version-history":[{"count":1,"href":"https:\/\/humanidades.uach.cl\/respaldo\/wp-json\/wp\/v2\/posts\/587\/revisions"}],"predecessor-version":[{"id":593,"href":"https:\/\/humanidades.uach.cl\/respaldo\/wp-json\/wp\/v2\/posts\/587\/revisions\/593"}],"wp:featuredmedia":[{"embeddable":true,"href":"https:\/\/humanidades.uach.cl\/respaldo\/wp-json\/wp\/v2\/media\/590"}],"wp:attachment":[{"href":"https:\/\/humanidades.uach.cl\/respaldo\/wp-json\/wp\/v2\/media?parent=587"}],"wp:term":[{"taxonomy":"category","embeddable":true,"href":"https:\/\/humanidades.uach.cl\/respaldo\/wp-json\/wp\/v2\/categories?post=587"},{"taxonomy":"post_tag","embeddable":true,"href":"https:\/\/humanidades.uach.cl\/respaldo\/wp-json\/wp\/v2\/tags?post=587"}],"curies":[{"name":"wp","href":"https:\/\/api.w.org\/{rel}","templated":true}]}}