{"id":586,"date":"2011-11-08T03:42:57","date_gmt":"2011-11-08T03:42:57","guid":{"rendered":"http:\/\/inspiracion.cl\/humanidades\/?p=586"},"modified":"2011-11-08T03:42:57","modified_gmt":"2011-11-08T03:42:57","slug":"%e2%80%9ces-posible-que-los-estudiantes-vean-mas-rapido-cambios-en-el-sistema-politico-que-en-educacion%e2%80%9d","status":"publish","type":"post","link":"https:\/\/humanidades.uach.cl\/respaldo\/2011\/11\/08\/%e2%80%9ces-posible-que-los-estudiantes-vean-mas-rapido-cambios-en-el-sistema-politico-que-en-educacion%e2%80%9d\/","title":{"rendered":"\u201cEs Posible que los Estudiantes Vean M\u00e1s R\u00e1pido Cambios en el Sistema  Pol\u00edtico que en Educaci\u00f3n\u201d"},"content":{"rendered":"<div id=\"tag_2\">\n<p id=\"tag_2_0\">El Periodista de Tolerancia Cero comenz\u00f3 su conferencia expresando su sorpresa al enterarse que a pesar de las condiciones clim\u00e1ticas y la novedosa propuesta entregada por el gobierno, miles de estudiantes se congregaron este jueves en diferentes puntos del pa\u00eds.<\/p>\n<p id=\"tag_2_1\">Bajo este contexto, indic\u00f3 que el movimiento creado hace cinco meses por los estudiantes podr\u00eda conseguir cosas impensadas \u201cni siquiera las personas que lideran el movimiento pueden anticiparse a lo que se viene, y al igual que en la bastilla, se pueden sumar una serie de condicionantes, y cambiar la historia\u201d.<\/p>\n<p id=\"tag_2_2\">Adem\u00e1s, enfatiz\u00f3 en que los estudiantes est\u00e1n generando diversos cambios en la forma de hacer las cosas, y la sociedad chilena no est\u00e1 preparada para enfrentar estos nuevos escenarios: \u201cLos estudiantes han sido capaces de salir a la calle y marchar con cacerolas, generar un nuevo fen\u00f3meno de negociaci\u00f3n bajo presi\u00f3n, esto porque lograron dialogar con el gobierno sin deponer las marchas y tomas, tambi\u00e9n hablan de hacer un plebiscito, esto es primera vez que se ve en el pa\u00eds\u201d.<\/p>\n<p id=\"tag_2_3\">Sobre esto \u00faltimo, el periodista manifest\u00f3 que en general el plebiscito opera como ente para consolidar la institucionalidad de un pa\u00eds, no para amenazarla. Hoy en d\u00eda en Chile el concepto de plebiscito puede ser el primer paso para cambiar el sistema binominal: \u201cNo digo que el plebiscito sea la soluci\u00f3n, pero me parece inveros\u00edmil que no se pueda discutir si una deliberaci\u00f3n ciudadana de gran envergadura no pueda ser utilizada, yo me pregunto \u00bfPor qu\u00e9 no discutir el hecho de consultarle a la gente?\u201d.<\/p>\n<p id=\"tag_2_4\">Por otra parte, Fernando Paulsen se\u00f1al\u00f3 que hoy en d\u00eda es muy com\u00fan que la ciudadan\u00eda se libere, salga a la calle y se organice para hacer cambios: \u201cEs inevitable que la deliberaci\u00f3n ciudadana aumente, porque como mundo hemos construido una cantidad de redes tecnol\u00f3gicas cada vez m\u00e1s eficientes, r\u00e1pidas y personalizadas\u201d.<\/p>\n<\/div>\n<div id=\"tag_3\">\n<p id=\"tag_3_0\">Destac\u00f3 que se est\u00e1 viviendo un fen\u00f3meno hist\u00f3rico, que excluye incluso a los medios de comunicaci\u00f3n: \u201cNunca antes en la historia, la ciudadan\u00eda hab\u00eda necesitado menos a los medios de comunicaci\u00f3n como ahora. Gracias a la tecnolog\u00eda\u00a0 no se puede invisibilidar a la gente\u2026A mi modo de ver no es una utop\u00eda insensata lo que se est\u00e1 haciendo, es una situaci\u00f3n que ya no aguanta una respuesta tradicional\u201d.<\/p>\n<p id=\"tag_3_1\">En este sentido, Paulsen expuso que este movimiento estudiantil ha demostrado que se acab\u00f3 la idea de negociar individualmente y que no hay que temer a los cambios: \u201cTodos los cambios implican miedo en cualquier nivel, y es legitimo, yo tengo muchas expectativas en lo que est\u00e1 ocurriendo, pero creo que es posible que se vean m\u00e1s r\u00e1pido cambios en el sistema pol\u00edtico que en la educaci\u00f3n\u201d.<\/p>\n<p id=\"tag_3_2\">Finalmente Fernando Paulsen manifest\u00f3 que los j\u00f3venes chilenos tienen un doble desaf\u00edo, el primero es responder al movimiento, y el segundo, es enfrentar la incertidumbre de no saber c\u00f3mo va a terminar esta situaci\u00f3n, y reflexion\u00f3: \u201cLa gran lecci\u00f3n que deben sacar los estudiantes, es que el movimiento se hace m\u00e1s fuerte cuando se organizan civilmente, y de esta manera se hacen organizacionalmente poderosos en todos las instancias de las que se quiere participar\u201d.<\/p>\n<\/div>\n","protected":false},"excerpt":{"rendered":"<p>En masiva conferencia convocada por la Escuela de Periodismo y la Escuela de Graduados de la Facultad de Filosof\u00eda y Humanidades  el destacado Periodista nacional Fernando Paulsen se refiri\u00f3 al escenario actual.<\/p>\n","protected":false},"author":1,"featured_media":591,"comment_status":"open","ping_status":"open","sticky":false,"template":"","format":"standard","meta":[],"categories":[1],"tags":[],"_links":{"self":[{"href":"https:\/\/humanidades.uach.cl\/respaldo\/wp-json\/wp\/v2\/posts\/586"}],"collection":[{"href":"https:\/\/humanidades.uach.cl\/respaldo\/wp-json\/wp\/v2\/posts"}],"about":[{"href":"https:\/\/humanidades.uach.cl\/respaldo\/wp-json\/wp\/v2\/types\/post"}],"author":[{"embeddable":true,"href":"https:\/\/humanidades.uach.cl\/respaldo\/wp-json\/wp\/v2\/users\/1"}],"replies":[{"embeddable":true,"href":"https:\/\/humanidades.uach.cl\/respaldo\/wp-json\/wp\/v2\/comments?post=586"}],"version-history":[{"count":1,"href":"https:\/\/humanidades.uach.cl\/respaldo\/wp-json\/wp\/v2\/posts\/586\/revisions"}],"predecessor-version":[{"id":594,"href":"https:\/\/humanidades.uach.cl\/respaldo\/wp-json\/wp\/v2\/posts\/586\/revisions\/594"}],"wp:featuredmedia":[{"embeddable":true,"href":"https:\/\/humanidades.uach.cl\/respaldo\/wp-json\/wp\/v2\/media\/591"}],"wp:attachment":[{"href":"https:\/\/humanidades.uach.cl\/respaldo\/wp-json\/wp\/v2\/media?parent=586"}],"wp:term":[{"taxonomy":"category","embeddable":true,"href":"https:\/\/humanidades.uach.cl\/respaldo\/wp-json\/wp\/v2\/categories?post=586"},{"taxonomy":"post_tag","embeddable":true,"href":"https:\/\/humanidades.uach.cl\/respaldo\/wp-json\/wp\/v2\/tags?post=586"}],"curies":[{"name":"wp","href":"https:\/\/api.w.org\/{rel}","templated":true}]}}