{"id":572,"date":"2011-11-08T03:33:52","date_gmt":"2011-11-08T03:33:52","guid":{"rendered":"http:\/\/inspiracion.cl\/humanidades\/?p=572"},"modified":"2011-11-08T03:33:52","modified_gmt":"2011-11-08T03:33:52","slug":"kelluwen-realizo-seminario-a-profesores-de-la-region-de-los-lagos","status":"publish","type":"post","link":"https:\/\/humanidades.uach.cl\/respaldo\/2011\/11\/08\/kelluwen-realizo-seminario-a-profesores-de-la-region-de-los-lagos\/","title":{"rendered":"Kelluwen Realiz\u00f3 Seminario a Profesores de la Regi\u00f3n de Los Lagos"},"content":{"rendered":"<div id=\"tag_2\">\n<p id=\"tag_2_0\">Con el seminario titulado &#8220;Innovaci\u00f3n Educativa: La Web 2.0 para la Gesti\u00f3n y Desarrollo de Competencias Sociocomunicativas\u201d los profesores Paulo Contreras, Juan Domingo Ram\u00edrez y Roberto Casanova en conjunto con la ingeniero responsable del equipo inform\u00e1tico, \u00a0Carolina Aros, dieron a conocer las pretensiones del proyecto Kelluwen a representantes de diversos colegios de la d\u00e9cima regi\u00f3n.<\/p>\n<p id=\"tag_2_1\">En esta oportunidad se trataron temas como la innovaci\u00f3n tecnol\u00f3gica en aula, y las ventajas y potencialidades de participar en la red Kelluwen. Adem\u00e1s se hizo una aproximaci\u00f3n a las herramientas 2.0, la socializaci\u00f3n de la plataforma de apoyo a las actividades pedag\u00f3gicas junto a la propuesta did\u00e1ctico metodol\u00f3gica tras la planificaci\u00f3n de dise\u00f1os did\u00e1cticos.<\/p>\n<p id=\"tag_2_2\">Vale mencionar que Kelluwen es un proyecto generador de nuevas propuestas para la integraci\u00f3n de herramientas de la Web 2.0 en aulas de colegios socialmente vulnerables en las regiones de Los R\u00edos, Los Lagos y Ays\u00e9n.<\/p>\n<p id=\"tag_2_3\">Paulo Contreras, Investigador Principal del Proyecto Kelluwen y Profesor del Instituto de Filosof\u00eda y Estudios Educacionales, de la Facultad de Filosof\u00eda y Humanidades, expres\u00f3 que \u201cEl principal objetivo de este seminario fue dar a conocer a los representantes de los colegios el diagnostico que el proyecto Kelluwen tiene como equipo de investigaci\u00f3n, dado que en Chile existe una importante inversi\u00f3n en tecnolog\u00edas digitales e internet en los colegios, pero sin embargo, hay mucho que avanzar en t\u00e9rminos de calidad y equidad en educaci\u00f3n\u201d.<\/p>\n<p id=\"tag_2_4\">\n<p id=\"tag_2_5\">\n<\/div>\n<div id=\"tag_3\"><img id=\"tag_3_0\" src=\"http:\/\/humanidades.uach.cl\/respaldo\/show_media.php?id=1214&amp;version=1\" alt=\"image\" \/><\/div>\n<div id=\"tag_4\">\n<p id=\"tag_4_0\">Adem\u00e1s Contreras indic\u00f3 que se dialog\u00f3 respecto a transmisi\u00f3n de informaci\u00f3n en la web \u201cEn esta ocasi\u00f3n discutimos sobre como la web 2,0 en su din\u00e1mica comunicacional m\u00e1s tendiente a la participaci\u00f3n que a la transmisi\u00f3n puede ser un aporte como generador de di\u00e1logos entre los estudiantes y profesores\u201d.<\/p>\n<p id=\"tag_4_1\">Finalmente, el Profesor del Instituto de Filosof\u00eda y Estudios Educacionales, se\u00f1al\u00f3 que con la realizaci\u00f3n de este seminario se cumplieron las expectativas esperadas, ya la totalidad de los asistentes manifestaron la intensi\u00f3n de unirse a este proyecto.Actualmente el quipo de Kelluwen est\u00e1 trabajando para llevar este tipo seminarios y charlas a la regi\u00f3n de Ays\u00e9n.\u00a0Si quieres obtener m\u00e1s informaci\u00f3n sobre el proyecto visita la p\u00e1gina web www.kelluwen.cl<\/p>\n<\/div>\n","protected":false},"excerpt":{"rendered":"<p>El pasado lunes 22 de agosto, el equipo Kelluwen viaj\u00f3 hasta la sede Puerto Montt de la UACh, y realiz\u00f3 seminario a representantes de diversos colegios municipales y particular subvencionados de la Regi\u00f3n de Los Lagos.<br \/>\nActualizado el 24-08-2011<br \/>\nEscrito por: Carolina Angulo Bravo. Periodista. Facultad de Filosof\u00eda y Humanidades. promofil@uach.cl.<\/p>\n","protected":false},"author":1,"featured_media":578,"comment_status":"open","ping_status":"open","sticky":false,"template":"","format":"standard","meta":[],"categories":[1],"tags":[],"_links":{"self":[{"href":"https:\/\/humanidades.uach.cl\/respaldo\/wp-json\/wp\/v2\/posts\/572"}],"collection":[{"href":"https:\/\/humanidades.uach.cl\/respaldo\/wp-json\/wp\/v2\/posts"}],"about":[{"href":"https:\/\/humanidades.uach.cl\/respaldo\/wp-json\/wp\/v2\/types\/post"}],"author":[{"embeddable":true,"href":"https:\/\/humanidades.uach.cl\/respaldo\/wp-json\/wp\/v2\/users\/1"}],"replies":[{"embeddable":true,"href":"https:\/\/humanidades.uach.cl\/respaldo\/wp-json\/wp\/v2\/comments?post=572"}],"version-history":[{"count":1,"href":"https:\/\/humanidades.uach.cl\/respaldo\/wp-json\/wp\/v2\/posts\/572\/revisions"}],"predecessor-version":[{"id":581,"href":"https:\/\/humanidades.uach.cl\/respaldo\/wp-json\/wp\/v2\/posts\/572\/revisions\/581"}],"wp:featuredmedia":[{"embeddable":true,"href":"https:\/\/humanidades.uach.cl\/respaldo\/wp-json\/wp\/v2\/media\/578"}],"wp:attachment":[{"href":"https:\/\/humanidades.uach.cl\/respaldo\/wp-json\/wp\/v2\/media?parent=572"}],"wp:term":[{"taxonomy":"category","embeddable":true,"href":"https:\/\/humanidades.uach.cl\/respaldo\/wp-json\/wp\/v2\/categories?post=572"},{"taxonomy":"post_tag","embeddable":true,"href":"https:\/\/humanidades.uach.cl\/respaldo\/wp-json\/wp\/v2\/tags?post=572"}],"curies":[{"name":"wp","href":"https:\/\/api.w.org\/{rel}","templated":true}]}}