{"id":571,"date":"2011-11-08T03:33:12","date_gmt":"2011-11-08T03:33:12","guid":{"rendered":"http:\/\/inspiracion.cl\/humanidades\/?p=571"},"modified":"2011-11-08T03:33:12","modified_gmt":"2011-11-08T03:33:12","slug":"titulo-a-veintiseis-nuevos-profesores-de-lenguaje-y-comunicacion","status":"publish","type":"post","link":"https:\/\/humanidades.uach.cl\/respaldo\/2011\/11\/08\/titulo-a-veintiseis-nuevos-profesores-de-lenguaje-y-comunicacion\/","title":{"rendered":"Titul\u00f3 a Veintis\u00e9is Nuevos Profesores de Lenguaje y Comunicaci\u00f3n"},"content":{"rendered":"<div>\n<div id=\"contenido_item\">\n<div>\n<div>\n<div id=\"tag_3\">\n<p id=\"tag_3_0\">En la ocasi\u00f3n el Decano de la Facultad de Filosof\u00eda y Humanidades Dr. Yanko Gonzales y la Directora de la Escuela de Lenguaje y Comunicaci\u00f3n Dra. Claudia Rodr\u00edguez, dieron emocionantes discursos de despedida a los titulados que atend\u00edan al rol del profesor en la sociedad actual.<\/p>\n<p id=\"tag_3_1\">A continuaci\u00f3n, la Escuela de Lenguaje y Comunicaci\u00f3n hizo entrega a los estudiantes de reconocimientos de las dos l\u00edneas de certificaci\u00f3n impartidas por esta.<\/p>\n<p id=\"tag_3_2\">El primer reconocimiento entregado en esta ceremonia fue la certificaci\u00f3n en la \u00a0l\u00ednea Direcci\u00f3n Teatral Escolar a los estudiantes H\u00e9ctor \u00c1lvarez Inostroza, Mary Anne Fl\u00e1ndez Mu\u00f1oz, Maritza Molina Montecinos, Jorge Rojas Coronado, Paula S\u00e1nchez, y Javier S\u00e1nchez Neira, de manos del profesor Roberto Matamala.<\/p>\n<p id=\"tag_3_3\">Luego los estudiantes Yohana Gonz\u00e1lez Vera, y Elizabeth Kusch Fern\u00e1ndez recibieron su certificaci\u00f3n en la l\u00ednea de Fomento Lector de manos la profesora de M\u00f3nica Munizaga.<\/p>\n<p id=\"tag_3_4\">Por su parte el profesor I\u00f1aki Zeberio entreg\u00f3 un diploma a la estudiante Darling Verena Ulloa Barrera por su participaci\u00f3n en el Programa de Honor en Medio Ambiente y Desarrollo, perteneciente al Centro de Estudios Ambientales de la UACh.<\/p>\n<p id=\"tag_3_5\">Posteriormente la compa\u00f1\u00eda de teatro EL MOTE present\u00f3 la obra \u201cCuentas de ni\u00f1as\u201d, una obra infantil para incentivar la lectura dramatizada Evelyn Wilke y Roberto Matamala. Este acto se antepuso a la entrega de grados y t\u00edtulo.<\/p>\n<p id=\"tag_3_6\">Finalmente, Loreto Chaura Rivera dedic\u00f3 un emotivo discurso a los presentes como representante del grupo de titulados.<\/p>\n<\/div>\n<div id=\"tag_4\"><img id=\"tag_4_0\" src=\"http:\/\/humanidades.uach.cl\/respaldo\/show_media.php?id=1195&amp;version=1\" alt=\"image\" \/><\/div>\n<\/div>\n<\/div>\n<\/div>\n<\/div>\n<div id=\"columna_derecha\"><\/div>\n","protected":false},"excerpt":{"rendered":"<p>El pasado viernes 19 de agosto en el sal\u00f3n de eventos del Hotel-Casino Dreams se realiz\u00f3 la titulaci\u00f3n 2010-2011 de Profesores de Lenguaje y Comunicaci\u00f3n. El evento cont\u00f3 con la presencia de diversas autoridades del mundo acad\u00e9mico.<\/p>\n","protected":false},"author":1,"featured_media":575,"comment_status":"open","ping_status":"open","sticky":false,"template":"","format":"standard","meta":[],"categories":[1],"tags":[],"_links":{"self":[{"href":"https:\/\/humanidades.uach.cl\/respaldo\/wp-json\/wp\/v2\/posts\/571"}],"collection":[{"href":"https:\/\/humanidades.uach.cl\/respaldo\/wp-json\/wp\/v2\/posts"}],"about":[{"href":"https:\/\/humanidades.uach.cl\/respaldo\/wp-json\/wp\/v2\/types\/post"}],"author":[{"embeddable":true,"href":"https:\/\/humanidades.uach.cl\/respaldo\/wp-json\/wp\/v2\/users\/1"}],"replies":[{"embeddable":true,"href":"https:\/\/humanidades.uach.cl\/respaldo\/wp-json\/wp\/v2\/comments?post=571"}],"version-history":[{"count":2,"href":"https:\/\/humanidades.uach.cl\/respaldo\/wp-json\/wp\/v2\/posts\/571\/revisions"}],"predecessor-version":[{"id":585,"href":"https:\/\/humanidades.uach.cl\/respaldo\/wp-json\/wp\/v2\/posts\/571\/revisions\/585"}],"wp:featuredmedia":[{"embeddable":true,"href":"https:\/\/humanidades.uach.cl\/respaldo\/wp-json\/wp\/v2\/media\/575"}],"wp:attachment":[{"href":"https:\/\/humanidades.uach.cl\/respaldo\/wp-json\/wp\/v2\/media?parent=571"}],"wp:term":[{"taxonomy":"category","embeddable":true,"href":"https:\/\/humanidades.uach.cl\/respaldo\/wp-json\/wp\/v2\/categories?post=571"},{"taxonomy":"post_tag","embeddable":true,"href":"https:\/\/humanidades.uach.cl\/respaldo\/wp-json\/wp\/v2\/tags?post=571"}],"curies":[{"name":"wp","href":"https:\/\/api.w.org\/{rel}","templated":true}]}}