{"id":5634,"date":"2012-06-14T13:25:33","date_gmt":"2012-06-14T13:25:33","guid":{"rendered":"http:\/\/humanidades.uach.cl\/respaldo\/?p=5634"},"modified":"2012-06-14T13:25:33","modified_gmt":"2012-06-14T13:25:33","slug":"2-encuentro-de-mediadores-de-lectura-de-la-region-de-los-rios","status":"publish","type":"post","link":"https:\/\/humanidades.uach.cl\/respaldo\/2012\/06\/14\/2-encuentro-de-mediadores-de-lectura-de-la-region-de-los-rios\/","title":{"rendered":"2\u00b0 Encuentro de mediadores de lectura de la regi\u00f3n De Los R\u00edos"},"content":{"rendered":"<p>Para ver el programa pincha ac\u00e1: <a href=\"http:\/\/humanidades.uach.cl\/respaldo\/wp-content\/uploads\/Programa-Encuentro-Mediadores-Lectura-2012.pdf\">Programa Encuentro Mediadores Lectura 2012<\/a><\/p>\n","protected":false},"excerpt":{"rendered":"<p>Entre los d\u00edas 28 y 30 de junio en la casa Luis Oyarz\u00fan de la Universidad Austral de Chile se realizar\u00e1 el 2\u00b0 Encuentro de mediadores de lectura de la Regi\u00f3n de Los R\u00edos. La inscripci\u00f3n se realizar\u00e1 el mismo jueves 28 a las 09:30 hrs. <\/p>\n","protected":false},"author":1,"featured_media":5635,"comment_status":"open","ping_status":"open","sticky":false,"template":"","format":"standard","meta":[],"categories":[22],"tags":[],"_links":{"self":[{"href":"https:\/\/humanidades.uach.cl\/respaldo\/wp-json\/wp\/v2\/posts\/5634"}],"collection":[{"href":"https:\/\/humanidades.uach.cl\/respaldo\/wp-json\/wp\/v2\/posts"}],"about":[{"href":"https:\/\/humanidades.uach.cl\/respaldo\/wp-json\/wp\/v2\/types\/post"}],"author":[{"embeddable":true,"href":"https:\/\/humanidades.uach.cl\/respaldo\/wp-json\/wp\/v2\/users\/1"}],"replies":[{"embeddable":true,"href":"https:\/\/humanidades.uach.cl\/respaldo\/wp-json\/wp\/v2\/comments?post=5634"}],"version-history":[{"count":6,"href":"https:\/\/humanidades.uach.cl\/respaldo\/wp-json\/wp\/v2\/posts\/5634\/revisions"}],"predecessor-version":[{"id":5642,"href":"https:\/\/humanidades.uach.cl\/respaldo\/wp-json\/wp\/v2\/posts\/5634\/revisions\/5642"}],"wp:featuredmedia":[{"embeddable":true,"href":"https:\/\/humanidades.uach.cl\/respaldo\/wp-json\/wp\/v2\/media\/5635"}],"wp:attachment":[{"href":"https:\/\/humanidades.uach.cl\/respaldo\/wp-json\/wp\/v2\/media?parent=5634"}],"wp:term":[{"taxonomy":"category","embeddable":true,"href":"https:\/\/humanidades.uach.cl\/respaldo\/wp-json\/wp\/v2\/categories?post=5634"},{"taxonomy":"post_tag","embeddable":true,"href":"https:\/\/humanidades.uach.cl\/respaldo\/wp-json\/wp\/v2\/tags?post=5634"}],"curies":[{"name":"wp","href":"https:\/\/api.w.org\/{rel}","templated":true}]}}