{"id":562,"date":"2011-11-08T03:20:24","date_gmt":"2011-11-08T03:20:24","guid":{"rendered":"http:\/\/inspiracion.cl\/humanidades\/?p=562"},"modified":"2011-11-08T03:20:24","modified_gmt":"2011-11-08T03:20:24","slug":"colegio-angachilla-recibio-a-humedales-en-tu-colegio","status":"publish","type":"post","link":"https:\/\/humanidades.uach.cl\/respaldo\/2011\/11\/08\/colegio-angachilla-recibio-a-humedales-en-tu-colegio\/","title":{"rendered":"Colegio Angachilla Recibi\u00f3 a Humedales en tu Colegio"},"content":{"rendered":"<div>\n<div id=\"contenido_item\">\n<div>\n<div>\n<div id=\"tag_2\">\n<p id=\"tag_2_0\">Esta actividad se enmarca dentro del proyecto\u00a0<strong id=\"tag_2_1\">Humedales en tu Colegio<\/strong>\u00a0, financiado por la Coordinaci\u00f3n Extensi\u00f3n de la Facultad de Filosof\u00eda y Humanidades de la Universidad Austral de Chile.<\/p>\n<p id=\"tag_2_2\">En el Colegio Angachilla, al igual que en la primera muestra se entreg\u00f3 a los alumnos material educativo did\u00e1ctico, donde se explicaba el h\u00e1bitat y formas de vida de especies como el Coipo, Pid\u00e9n, Garzas, y anfibios.<\/p>\n<p id=\"tag_2_3\">El Director de Unidad T\u00e9cnica de Profesores (UTP), Jorge Cavieres, manifest\u00f3\u00a0<em id=\"tag_2_4\">\u201cEl proyecto me parece interesante, novedoso. Hay fotos muy bonitas, de estos lugares. Ya observ\u00e9 que les llam\u00f3 la atenci\u00f3n a los chicos, va a ser algo nuevo para ellos. Para las clases ser\u00e1 muy \u00fatil y en nuestro colegio hay gente muy preocupada del cuidado de la naturaleza; anteriormente ya se han realizado talleres en el colegio\u201d.<\/em><\/p>\n<p id=\"tag_2_5\">El Director del Colegio Angachilla Roberto Ahumada, expres\u00f3 su inter\u00e9s por crear conciencia en sus estudiantes. \u00a0\u00a0<em id=\"tag_2_6\">\u201cSon hitos que hay que aprovechar, con los profesores\u201d.<\/em>\u00a0En relaci\u00f3n a temas ambientales Ahumada agreg\u00f3:\u00a0<em id=\"tag_2_7\">\u201chay que perseverar, no hay otro secreto, la sola vez no sirve, para estar en la conciencia de preservar, no protegemos otras\u00a0 cosas, lamentablemente la naturaleza no es la primera prioridad\u201d.<\/em><\/p>\n<\/div>\n<div id=\"tag_3\">\n<p id=\"tag_3_0\">Adem\u00e1s, enfatiz\u00f3 en esta e\u00a0\u00a0<em id=\"tag_3_1\">xposici\u00f3n hace reflexionar al observador \u201cLas fotograf\u00edas hacen que preguntemos \u00bfqu\u00e9 pasa con esto? \u00bfQu\u00e9 hacemos nosotros frente a esto? Estos son los mismos cuestionamientos que haremos con los chicos, \u00bfqu\u00e9 hacer para conservar los humedales en el sector?\u201d.<\/em><\/p>\n<p id=\"tag_3_2\">Por su parte, Marcos Lavado profesor del Instituto de Comunicaci\u00f3n Social y co-ejecutor del proyecto explic\u00f3 que\u00a0\u00a0<em id=\"tag_3_3\">cuando planificaron este proyecto se crey\u00f3\u00a0 necesario hacer un aporte a los colegios de Valdivia, sobre todo en los alumnos de primer siglo b\u00e1sico. \u201cSu entusiasmo y ganas de aprender son motivante tanto para sus vecinos y sus familias y nosotros concientes\u00a0 de eso queremos aportar con un grano de arena sobre el tema de educaci\u00f3n ambiental relacionado a ecosistemas \u00fanicos como son los humedales\u201d.<\/em><\/p>\n<p id=\"tag_3_4\">Finalmente, Lorenzo Palma, Director del proyecto coment\u00f3\u00a0\u00a0<em id=\"tag_3_5\">\u201cel poder ir cada cierto tiempo cambiando de establecimiento educacional y por ende de p\u00fablicos, nos permite ampliar el rango dentro de la ciudad donde se levante la tem\u00e1tica de los humedales, tanto su importancia ambiental como social y de esta forma se convierta en un tema discutido en las clases por medio de los profesores as\u00ed tambi\u00e9n en los hogares una vez que los apoderados al buscar a sus hijos y observen la exposici\u00f3n\u201d.\u00a0<\/em><\/p>\n<\/div>\n<\/div>\n<\/div>\n<\/div>\n<\/div>\n<div id=\"columna_derecha\"><\/div>\n","protected":false},"excerpt":{"rendered":"<p>La exposici\u00f3n de 25 fotograf\u00edas que contiene informaci\u00f3n sobre distintas especies que se avistan en los humedales de Valdivia fue admirada esta semana por la comunidad escolar del Colegio Angachilla.<br \/>\nActualizado el 26-08-2011<\/p>\n","protected":false},"author":1,"featured_media":567,"comment_status":"open","ping_status":"open","sticky":false,"template":"","format":"standard","meta":[],"categories":[1],"tags":[],"_links":{"self":[{"href":"https:\/\/humanidades.uach.cl\/respaldo\/wp-json\/wp\/v2\/posts\/562"}],"collection":[{"href":"https:\/\/humanidades.uach.cl\/respaldo\/wp-json\/wp\/v2\/posts"}],"about":[{"href":"https:\/\/humanidades.uach.cl\/respaldo\/wp-json\/wp\/v2\/types\/post"}],"author":[{"embeddable":true,"href":"https:\/\/humanidades.uach.cl\/respaldo\/wp-json\/wp\/v2\/users\/1"}],"replies":[{"embeddable":true,"href":"https:\/\/humanidades.uach.cl\/respaldo\/wp-json\/wp\/v2\/comments?post=562"}],"version-history":[{"count":1,"href":"https:\/\/humanidades.uach.cl\/respaldo\/wp-json\/wp\/v2\/posts\/562\/revisions"}],"predecessor-version":[{"id":570,"href":"https:\/\/humanidades.uach.cl\/respaldo\/wp-json\/wp\/v2\/posts\/562\/revisions\/570"}],"wp:featuredmedia":[{"embeddable":true,"href":"https:\/\/humanidades.uach.cl\/respaldo\/wp-json\/wp\/v2\/media\/567"}],"wp:attachment":[{"href":"https:\/\/humanidades.uach.cl\/respaldo\/wp-json\/wp\/v2\/media?parent=562"}],"wp:term":[{"taxonomy":"category","embeddable":true,"href":"https:\/\/humanidades.uach.cl\/respaldo\/wp-json\/wp\/v2\/categories?post=562"},{"taxonomy":"post_tag","embeddable":true,"href":"https:\/\/humanidades.uach.cl\/respaldo\/wp-json\/wp\/v2\/tags?post=562"}],"curies":[{"name":"wp","href":"https:\/\/api.w.org\/{rel}","templated":true}]}}