{"id":561,"date":"2011-11-08T03:17:52","date_gmt":"2011-11-08T03:17:52","guid":{"rendered":"http:\/\/inspiracion.cl\/humanidades\/?p=561"},"modified":"2011-11-08T03:17:52","modified_gmt":"2011-11-08T03:17:52","slug":"presente-en-ferias-de-educacion-superior-admision-2011","status":"publish","type":"post","link":"https:\/\/humanidades.uach.cl\/respaldo\/2011\/11\/08\/presente-en-ferias-de-educacion-superior-admision-2011\/","title":{"rendered":"Presente en Ferias de Educaci\u00f3n Superior Admisi\u00f3n 2011"},"content":{"rendered":"<p>&nbsp;<\/p>\n<p id=\"tag_1_2\">S\u00f3lo en el mes de agosto la Facultad de Filosof\u00eda y Humanidades particip\u00f3 de diversas Ferias de Educaci\u00f3n Superior en las regiones de \u00a0los R\u00edos y los Lagos, donde cientos de estudiantes de ense\u00f1anza media tuvieron la oportunidad de informarse sobre las m\u00faltiples alternativas que ofrecen las instituciones de educaci\u00f3n en el pa\u00eds.<\/p>\n<p id=\"tag_1_3\">El stand de difusi\u00f3n de carreras de nuestra facultad estar\u00e1 presente pr\u00f3ximamente \u00a0en colegios de Futrono, Paillaco y Temuco, donde se estrenar\u00e1 nueva folleteria.<\/p>\n<p id=\"tag_1_4\"><strong id=\"tag_1_5\">Fechas y lugares<\/strong><\/p>\n<p id=\"tag_1_7\">01 de Septiembre: Futrono &#8211; Colegio Mar\u00eda Deogracia.<\/p>\n<p id=\"tag_1_8\">23 de Septiembre: Paillaco &#8211; Liceo Rodulfo Armando Philippi.<\/p>\n<p id=\"tag_1_9\">28, 29 y 30 de Septiembre: Temuco &#8211; Universidad de la Frontera.<\/p>\n","protected":false},"excerpt":{"rendered":"<p>A pesar del dif\u00edcil escenario en el que se encuentra el sistema educativo nacional, la UACh ha estado presente en varias actividades dirigidas a la difusi\u00f3n de carreras en ciudades como Mafil, Valdivia, Osorno y Puerto Montt. <\/p>\n","protected":false},"author":1,"featured_media":0,"comment_status":"open","ping_status":"open","sticky":false,"template":"","format":"standard","meta":[],"categories":[1],"tags":[],"_links":{"self":[{"href":"https:\/\/humanidades.uach.cl\/respaldo\/wp-json\/wp\/v2\/posts\/561"}],"collection":[{"href":"https:\/\/humanidades.uach.cl\/respaldo\/wp-json\/wp\/v2\/posts"}],"about":[{"href":"https:\/\/humanidades.uach.cl\/respaldo\/wp-json\/wp\/v2\/types\/post"}],"author":[{"embeddable":true,"href":"https:\/\/humanidades.uach.cl\/respaldo\/wp-json\/wp\/v2\/users\/1"}],"replies":[{"embeddable":true,"href":"https:\/\/humanidades.uach.cl\/respaldo\/wp-json\/wp\/v2\/comments?post=561"}],"version-history":[{"count":2,"href":"https:\/\/humanidades.uach.cl\/respaldo\/wp-json\/wp\/v2\/posts\/561\/revisions"}],"predecessor-version":[{"id":564,"href":"https:\/\/humanidades.uach.cl\/respaldo\/wp-json\/wp\/v2\/posts\/561\/revisions\/564"}],"wp:attachment":[{"href":"https:\/\/humanidades.uach.cl\/respaldo\/wp-json\/wp\/v2\/media?parent=561"}],"wp:term":[{"taxonomy":"category","embeddable":true,"href":"https:\/\/humanidades.uach.cl\/respaldo\/wp-json\/wp\/v2\/categories?post=561"},{"taxonomy":"post_tag","embeddable":true,"href":"https:\/\/humanidades.uach.cl\/respaldo\/wp-json\/wp\/v2\/tags?post=561"}],"curies":[{"name":"wp","href":"https:\/\/api.w.org\/{rel}","templated":true}]}}