{"id":560,"date":"2011-11-08T03:20:10","date_gmt":"2011-11-08T03:20:10","guid":{"rendered":"http:\/\/inspiracion.cl\/humanidades\/?p=560"},"modified":"2011-11-08T03:20:10","modified_gmt":"2011-11-08T03:20:10","slug":"%c2%bfque-es-necesario-para-mejorar-la-calidad-de-la-educacion-superior-en-chile","status":"publish","type":"post","link":"https:\/\/humanidades.uach.cl\/respaldo\/2011\/11\/08\/%c2%bfque-es-necesario-para-mejorar-la-calidad-de-la-educacion-superior-en-chile\/","title":{"rendered":"\u00bfQu\u00e9 es Necesario Para Mejorar la Calidad de la Educaci\u00f3n Superior en Chile?"},"content":{"rendered":"<div>\n<div id=\"contenido_item\">\n<div>\n<div>\n<div id=\"tag_2\">\n<h3 id=\"tag_2_0\">En entrevista con el Periodista Maximiliano Valenzuela, el Dr. Christian Miranda analiza el escenario actual de la eduaci\u00f3n superior en Chile.<\/h3>\n<h3 id=\"tag_2_1\">Para tener acceso a la entrevista completa pinchar\u00a0<a id=\"tag_2_2\" href=\"http:\/\/noticias.uach.cl\/principal.php?pag=noticia-externo&amp;cod=35446\">AQUI<\/a><\/h3>\n<\/div>\n<\/div>\n<\/div>\n<\/div>\n<\/div>\n<div id=\"columna_derecha\"><\/div>\n","protected":false},"excerpt":{"rendered":"<p>El Acad\u00e9mico del Instituto de Filosof\u00eda y Estudios Educacionales de la Facultad de Filosof\u00eda y Humanidades,  Christian Miranda, particip\u00f3 del porgrama radial Caf\u00e9 Austral de la Radio Universidad Austral de Chile.<\/p>\n","protected":false},"author":1,"featured_media":566,"comment_status":"open","ping_status":"open","sticky":false,"template":"","format":"standard","meta":[],"categories":[1],"tags":[],"_links":{"self":[{"href":"https:\/\/humanidades.uach.cl\/respaldo\/wp-json\/wp\/v2\/posts\/560"}],"collection":[{"href":"https:\/\/humanidades.uach.cl\/respaldo\/wp-json\/wp\/v2\/posts"}],"about":[{"href":"https:\/\/humanidades.uach.cl\/respaldo\/wp-json\/wp\/v2\/types\/post"}],"author":[{"embeddable":true,"href":"https:\/\/humanidades.uach.cl\/respaldo\/wp-json\/wp\/v2\/users\/1"}],"replies":[{"embeddable":true,"href":"https:\/\/humanidades.uach.cl\/respaldo\/wp-json\/wp\/v2\/comments?post=560"}],"version-history":[{"count":1,"href":"https:\/\/humanidades.uach.cl\/respaldo\/wp-json\/wp\/v2\/posts\/560\/revisions"}],"predecessor-version":[{"id":569,"href":"https:\/\/humanidades.uach.cl\/respaldo\/wp-json\/wp\/v2\/posts\/560\/revisions\/569"}],"wp:featuredmedia":[{"embeddable":true,"href":"https:\/\/humanidades.uach.cl\/respaldo\/wp-json\/wp\/v2\/media\/566"}],"wp:attachment":[{"href":"https:\/\/humanidades.uach.cl\/respaldo\/wp-json\/wp\/v2\/media?parent=560"}],"wp:term":[{"taxonomy":"category","embeddable":true,"href":"https:\/\/humanidades.uach.cl\/respaldo\/wp-json\/wp\/v2\/categories?post=560"},{"taxonomy":"post_tag","embeddable":true,"href":"https:\/\/humanidades.uach.cl\/respaldo\/wp-json\/wp\/v2\/tags?post=560"}],"curies":[{"name":"wp","href":"https:\/\/api.w.org\/{rel}","templated":true}]}}