{"id":559,"date":"2011-11-08T03:20:00","date_gmt":"2011-11-08T03:20:00","guid":{"rendered":"http:\/\/inspiracion.cl\/humanidades\/?p=559"},"modified":"2011-11-08T03:20:00","modified_gmt":"2011-11-08T03:20:00","slug":"se-realizo-seminario-de-docencia","status":"publish","type":"post","link":"https:\/\/humanidades.uach.cl\/respaldo\/2011\/11\/08\/se-realizo-seminario-de-docencia\/","title":{"rendered":"Se Realiz\u00f3 Seminario de Docencia"},"content":{"rendered":"<div id=\"tag_2\">\n<p id=\"tag_2_1\">Esta Actividad surgi\u00f3 a ra\u00edz de los diferentes di\u00e1logos triestamentales que se han llevado a cabo en la Facultad de Filosof\u00eda y Humanidades en el \u00faltimo tiempo. Esto a causa de las demandas que ha realizado por el movimiento estudiantil a nivel nacional.<\/p>\n<p id=\"tag_2_2\">Al inicio del seminario el Vicerrector Acad\u00e9mico, Dr. Oscar Galindo indic\u00f3 que es necesario aunar esfuerzos para crear un dialogo local y nacional para mejorando la calidad de la educaci\u00f3n y la docencia,.<\/p>\n<p>Adem\u00e1s Galindo se\u00f1al\u00f3 que la Universidad Austral est\u00e1 trabajando en proyectos para potenciar la innovaci\u00f3n docente \u201cEn nuestra Universidad se est\u00e1n generando condiciones para que acad\u00e9micos de esta casa de estudios desarrollen proyectos de innovaci\u00f3n para la docencia universitaria para impactar en la educaci\u00f3n de nuestros estudiantes\u201d.<\/p><\/div>\n<div id=\"tag_3\"><img id=\"tag_3_0\" src=\"http:\/\/humanidades.uach.cl\/respaldo\/show_media.php?id=1221&amp;version=1\" alt=\"image\" \/><\/p>\n<p id=\"tag_3_1\">Seminario docencia<\/p>\n<\/div>\n<div id=\"tag_4\">\n<p id=\"tag_4_0\">Por su parte, el Decano de la Facultad de Filosof\u00eda y Humanidades, Dr. Yanko Gonz\u00e1lez, expres\u00f3 que en esta jornada se busca reflexionar sobre los procesos de ense\u00f1anza en nuestra casa de estudios, enfatizando en que en la Facultad debe haber un cambio cualitativo donde se d\u00e9 \u00e9nfasis en el auto aprendizaje, analizando las pr\u00e1cticas pedag\u00f3gicas y compromiso pedag\u00f3gico en la docencia.<\/p>\n<p id=\"tag_4_1\">Luego fue el turno de la Conferencia Internacional dictada por el Dr. F\u00e9lix Angulo Rasco, de la Universidad de C\u00e1diz titulada \u201cCompetencias y Ense\u00f1anza en la Universidad\u201d, donde el acad\u00e9mico expres\u00f3 que es necesario replantear el sistema de competencias en la ense\u00f1anza \u201cHoy en d\u00eda, los profesionales necesitan competencias para poder competir en el mercado\u201d.<\/p>\n<p id=\"tag_4_2\">A\u00f1adi\u00f3 que las competencias han de ser verificadas y evaluadas en su implementaci\u00f3n ya que en los tiempos modernos un profesional es la suma de las competencias adquiridas. En este sentido enfatiz\u00f3 en que \u201cSe debe redefinir el papel del docente, destacando los deberes y obligaciones este y de los estudiantes, quienes tiene que\u00a0 adquirir conocimientos pr\u00e1cticos\u201d.<\/p>\n<p id=\"tag_4_3\">Dentro de la jornada de la ma\u00f1ana se realiz\u00f3 una Mesa de Discusi\u00f3n, donde la Dra. Silvia Red\u00f3 de la Pontificia universidad Cat\u00f3lica de Valpara\u00edso, present\u00f3 un trabajo titulado \u201cLa Universidad y la Educaci\u00f3n Ciudadana: Algunas Ideas Para Tiempos Revueltos\u201d, posteriormente el Dr. Christian Miranda, de la Universidad Austral de Chile, present\u00f3 \u201cCalidad Educativa y Docencia Universitaria: Apuntes desde la evidencia cient\u00edfica sobre formaci\u00f3n docente.<\/p>\n<p id=\"tag_4_4\">El Seminario de Docencia Universitaria finaliz\u00f3 con la reflexi\u00f3n de los asistentes en tres mesas de trabajo, en donde se trataron problem\u00e1ticas detectadas en los claustros triestamentales como son el caso del Bachillerato en Humanidades y Ciencias Sociales: Necesidades y demandas en docenci, Formaci\u00f3n General y De Especialidad en Carreras de pregrado, docencia, investigaci\u00f3n y extensi\u00f3n.<\/p>\n<\/div>\n","protected":false},"excerpt":{"rendered":"<p>Este viernes 26 de agosto, en el Auditorio del CIDFIL se realiz\u00f3 exitoso Seminario de Docencia Universitaria: Aportes Para un Debate Pendiente, organizado por la comisi\u00f3n de Docencia, el Bachillerato en Humanidades y Ciencias Sociales.<br \/>\nActualizado el 26-08-2011<br \/>\nEscrito por: Carolina Angulo Bravo. Periodista. Facultad de Filosof\u00eda y Humanidades. promofil@uach.cl.<\/p>\n","protected":false},"author":1,"featured_media":565,"comment_status":"open","ping_status":"open","sticky":false,"template":"","format":"standard","meta":[],"categories":[1],"tags":[],"_links":{"self":[{"href":"https:\/\/humanidades.uach.cl\/respaldo\/wp-json\/wp\/v2\/posts\/559"}],"collection":[{"href":"https:\/\/humanidades.uach.cl\/respaldo\/wp-json\/wp\/v2\/posts"}],"about":[{"href":"https:\/\/humanidades.uach.cl\/respaldo\/wp-json\/wp\/v2\/types\/post"}],"author":[{"embeddable":true,"href":"https:\/\/humanidades.uach.cl\/respaldo\/wp-json\/wp\/v2\/users\/1"}],"replies":[{"embeddable":true,"href":"https:\/\/humanidades.uach.cl\/respaldo\/wp-json\/wp\/v2\/comments?post=559"}],"version-history":[{"count":1,"href":"https:\/\/humanidades.uach.cl\/respaldo\/wp-json\/wp\/v2\/posts\/559\/revisions"}],"predecessor-version":[{"id":568,"href":"https:\/\/humanidades.uach.cl\/respaldo\/wp-json\/wp\/v2\/posts\/559\/revisions\/568"}],"wp:featuredmedia":[{"embeddable":true,"href":"https:\/\/humanidades.uach.cl\/respaldo\/wp-json\/wp\/v2\/media\/565"}],"wp:attachment":[{"href":"https:\/\/humanidades.uach.cl\/respaldo\/wp-json\/wp\/v2\/media?parent=559"}],"wp:term":[{"taxonomy":"category","embeddable":true,"href":"https:\/\/humanidades.uach.cl\/respaldo\/wp-json\/wp\/v2\/categories?post=559"},{"taxonomy":"post_tag","embeddable":true,"href":"https:\/\/humanidades.uach.cl\/respaldo\/wp-json\/wp\/v2\/tags?post=559"}],"curies":[{"name":"wp","href":"https:\/\/api.w.org\/{rel}","templated":true}]}}