{"id":545,"date":"2011-11-08T02:22:28","date_gmt":"2011-11-08T02:22:28","guid":{"rendered":"http:\/\/inspiracion.cl\/humanidades\/?p=545"},"modified":"2011-11-08T02:22:28","modified_gmt":"2011-11-08T02:22:28","slug":"con-gran-exito-culmino-concurso-literario-juan-bosch-2011","status":"publish","type":"post","link":"https:\/\/humanidades.uach.cl\/respaldo\/2011\/11\/08\/con-gran-exito-culmino-concurso-literario-juan-bosch-2011\/","title":{"rendered":"Con Gran \u00c9xito Culmin\u00f3 Concurso Literario Juan Bosch 2011"},"content":{"rendered":"<p id=\"tag_2_0\">Con el objetivo de promover la creatividad de la comunidad mediante la creaci\u00f3n de cuentos in\u00e9ditos, de libre extensi\u00f3n y tem\u00e1tica abierta este a\u00f1o se desarroll\u00f3 la segunda versi\u00f3n del Concurso Literario Juan Bosch en homenaje al destacado escritor y pol\u00edtico dominicano.<\/p>\n<p id=\"tag_2_1\">Para el a\u00f1o 2011 el concurso estuvo orientado a convocar a escritores de las regiones de Los R\u00edos, Los Lagos, Ays\u00e9n y Magallanes. De las cuales se reunieron un total de 30 cuentos originales.<\/p>\n<p id=\"tag_2_2\">Tal como se expres\u00f3 en la convocatoria inicial, los participantes de este concurso literario compiten por un viaje a Rep\u00fablica Dominicana, como primer premio, y los 10 mejores trabajos tienen la posibilidad de ser parte en una antolog\u00eda del concurso.<\/p>\n<p id=\"tag_2_3\">Actualmente una comisi\u00f3n de especialistas se encuentra evaluando los cuentos recepcionados, y se espera que dentro de la primera quincena del mes de octubre dar\u00e1n a conocer los resultados.<\/p>\n","protected":false},"excerpt":{"rendered":"<p>Escrito por: Carolina Angulo Bravo. Periodista. Facultad de Filosof\u00eda y Humanidades. promofil@uach.cl. <\/p>\n","protected":false},"author":1,"featured_media":549,"comment_status":"open","ping_status":"open","sticky":false,"template":"","format":"standard","meta":[],"categories":[1],"tags":[],"_links":{"self":[{"href":"https:\/\/humanidades.uach.cl\/respaldo\/wp-json\/wp\/v2\/posts\/545"}],"collection":[{"href":"https:\/\/humanidades.uach.cl\/respaldo\/wp-json\/wp\/v2\/posts"}],"about":[{"href":"https:\/\/humanidades.uach.cl\/respaldo\/wp-json\/wp\/v2\/types\/post"}],"author":[{"embeddable":true,"href":"https:\/\/humanidades.uach.cl\/respaldo\/wp-json\/wp\/v2\/users\/1"}],"replies":[{"embeddable":true,"href":"https:\/\/humanidades.uach.cl\/respaldo\/wp-json\/wp\/v2\/comments?post=545"}],"version-history":[{"count":2,"href":"https:\/\/humanidades.uach.cl\/respaldo\/wp-json\/wp\/v2\/posts\/545\/revisions"}],"predecessor-version":[{"id":558,"href":"https:\/\/humanidades.uach.cl\/respaldo\/wp-json\/wp\/v2\/posts\/545\/revisions\/558"}],"wp:featuredmedia":[{"embeddable":true,"href":"https:\/\/humanidades.uach.cl\/respaldo\/wp-json\/wp\/v2\/media\/549"}],"wp:attachment":[{"href":"https:\/\/humanidades.uach.cl\/respaldo\/wp-json\/wp\/v2\/media?parent=545"}],"wp:term":[{"taxonomy":"category","embeddable":true,"href":"https:\/\/humanidades.uach.cl\/respaldo\/wp-json\/wp\/v2\/categories?post=545"},{"taxonomy":"post_tag","embeddable":true,"href":"https:\/\/humanidades.uach.cl\/respaldo\/wp-json\/wp\/v2\/tags?post=545"}],"curies":[{"name":"wp","href":"https:\/\/api.w.org\/{rel}","templated":true}]}}