{"id":544,"date":"2011-11-08T02:22:21","date_gmt":"2011-11-08T02:22:21","guid":{"rendered":"http:\/\/inspiracion.cl\/humanidades\/?p=544"},"modified":"2011-11-08T02:22:21","modified_gmt":"2011-11-08T02:22:21","slug":"el-valor-de-compartir-semillas-saberes-y-respeto","status":"publish","type":"post","link":"https:\/\/humanidades.uach.cl\/respaldo\/2011\/11\/08\/el-valor-de-compartir-semillas-saberes-y-respeto\/","title":{"rendered":"El Valor de Compartir Semillas, Saberes y Respeto"},"content":{"rendered":"<div id=\"tag_2\">\n<p id=\"tag_2_0\">Esta actividad fue organizada por estudiantes de la carrera de Antropolog\u00eda de la Facultad de Filosof\u00eda y Humanidades, y congreg\u00f3 a un centenar de personas, entre las que destacan comunidades mapuche de diversas comunas de las regiones de los R\u00edos, Los Lagos, y la Araucan\u00eda.<\/p>\n<p id=\"tag_2_1\">En esta instancia se intercambiaron semillas de diferentes especias, plantas medicinales, artesan\u00edas en\u00a0 lana de oveja, y conocimientos aut\u00f3ctonos sobre c\u00f3mo cultivar la tierra y contrastar los efectos del monocultivo.<\/p>\n<p id=\"tag_2_2\">Para muchos de los asistentes esta ceremonia es una experiencia \u00fanica donde el principal valor que se debe compartir es el respeto entre las personas, por la naturaleza y las tradiciones ancestrales. Oportunidad donde tambi\u00e9n se reflexiona sobre el rescate de los conocimientos de antiguas generaciones.<\/p>\n<p id=\"tag_2_3\">Sobre esto \u00faltimo, Juana Fa\u00fandez perteneciente a la \u00a0Cooperativa Njen de Curarrehue indic\u00f3 \u201cEl Trafkintu me parece una linda experiencia, porque es importante que se conserven las tradiciones de siembra y cultivo, sobre todo porque estas semillas han pertenecido a nuestros padres y abuelos\u201d.<\/p>\n<\/div>\n<div id=\"tag_3\"><img id=\"tag_3_0\" src=\"http:\/\/humanidades.uach.cl\/respaldo\/show_media.php?id=1300&amp;version=1\" alt=\"image\" \/><\/p>\n<p id=\"tag_3_1\">TRAFKINTU<\/p>\n<\/div>\n<div id=\"tag_4\">\n<p id=\"tag_4_0\">Por otra parte, Alejandra Cur\u00edn del sector de Puile, San Jos\u00e9 de la Mariquina, se\u00f1al\u00f3 que estas experiencias sirven para conocer a personas de diferentes lugares y edades que tienen intereses comunes por conservar estas importantes tradiciones.<\/p>\n<p id=\"tag_4_1\">\u201cEstoy muy contenta y agradecida de los estudiantes de la Universidad Austral que tienen presente a la gente campesina. Hoy traje de todo un poquito, porque quiero intercambiar conocimientos, y espero que entre todos podamos conservar nuestra tierra y nuestras semillas, sin duda esto nos anima a seguir adelante\u201d mencion\u00f3.<\/p>\n<p id=\"tag_4_2\">Tambi\u00e9n de la comuna de San Jos\u00e9 de la Mariquina, Francisco Maquecheo del sector de Tralcao expres\u00f3 \u201cEsta experiencia ha sido fabulosa porque uno intercambia su opini\u00f3n, semillas y conocimientos \u00a0con las personas. Con la gente de mi comunidad hemos tra\u00eddo un poco de semillas, chicha, vinagre, artesan\u00edas y nuestra m\u00fasica, porque queremos entregar un mensaje a la comunidad\u201d.<\/p>\n<p id=\"tag_4_3\">Luego Alejandra V\u00e1squez, estudiante del Mg. en Desarrollo Rural de la Facultad de Filosof\u00eda y Humanidades, y representante de la agrupaci\u00f3n\u00a0<a id=\"tag_4_4\" href=\"http:\/\/www.facebook.com\/#!\/profile.php?id=100002451466113\"><em id=\"tag_4_5\">Valdivia Sin Transg\u00e9nicos<\/em><\/a>reflexion\u00f3 sobre la importancia de conservar las tradiciones agr\u00edcolas en tiempos de irrupci\u00f3n de transnacionales.<\/p>\n<\/div>\n<div id=\"tag_5\"><img id=\"tag_5_0\" src=\"http:\/\/humanidades.uach.cl\/respaldo\/show_media.php?id=1302&amp;version=1\" alt=\"image\" \/><\/p>\n<p id=\"tag_5_1\">TRAFKINTU<\/p>\n<\/div>\n<div id=\"tag_6\">\n<p id=\"tag_6_0\">\u201cMe parece excelente que se realicen actividades como esta, porque es sumamente \u00a0beneficioso para todos, ya que se deben conservar las semillas naturales, porque es la \u00fanica forma de luchar contra la semilla comercial que administran empresas internacionales, que a la larga lo \u00fanico que buscan es enriquecerse y apoderarse de la tradici\u00f3n agr\u00edcola\u201d se\u00f1al\u00f3.<\/p>\n<p id=\"tag_6_1\">Finalmente la representante de<em id=\"tag_6_2\">Valdivia Sin Transg\u00e9nicos\u00a0<\/em>concluy\u00f3 diciendo \u201cTenemos que informarnos y luchar por \u00a0mejorar la alimentaci\u00f3n de las personas, creando en nuestros propios patios huertos urbanos y de a poco tratar de generar nuevas semillas, que en el fondo es la \u00fanica forma de conservarlas\u201d.<\/p>\n<p id=\"tag_6_3\"><strong id=\"tag_6_4\">El Trafkintu es una iniciativa financiada por los fondos de proyectos para estudiantes de la Coordinaci\u00f3n de Extensi\u00f3n de la Facultad de Filosof\u00eda y Humanidades.<\/strong><\/p>\n<\/div>\n","protected":false},"excerpt":{"rendered":"<p>Ma\u00edz, chalotas, cilantro,  qu\u00ednoa, papas y porotos fueron algunos  de los productos que la ma\u00f1ana del pasado s\u00e1bado fueron intercambiadas en el Trafkintu Valdivia 2011.<\/p>\n","protected":false},"author":1,"featured_media":548,"comment_status":"open","ping_status":"open","sticky":false,"template":"","format":"standard","meta":[],"categories":[1],"tags":[],"_links":{"self":[{"href":"https:\/\/humanidades.uach.cl\/respaldo\/wp-json\/wp\/v2\/posts\/544"}],"collection":[{"href":"https:\/\/humanidades.uach.cl\/respaldo\/wp-json\/wp\/v2\/posts"}],"about":[{"href":"https:\/\/humanidades.uach.cl\/respaldo\/wp-json\/wp\/v2\/types\/post"}],"author":[{"embeddable":true,"href":"https:\/\/humanidades.uach.cl\/respaldo\/wp-json\/wp\/v2\/users\/1"}],"replies":[{"embeddable":true,"href":"https:\/\/humanidades.uach.cl\/respaldo\/wp-json\/wp\/v2\/comments?post=544"}],"version-history":[{"count":2,"href":"https:\/\/humanidades.uach.cl\/respaldo\/wp-json\/wp\/v2\/posts\/544\/revisions"}],"predecessor-version":[{"id":557,"href":"https:\/\/humanidades.uach.cl\/respaldo\/wp-json\/wp\/v2\/posts\/544\/revisions\/557"}],"wp:featuredmedia":[{"embeddable":true,"href":"https:\/\/humanidades.uach.cl\/respaldo\/wp-json\/wp\/v2\/media\/548"}],"wp:attachment":[{"href":"https:\/\/humanidades.uach.cl\/respaldo\/wp-json\/wp\/v2\/media?parent=544"}],"wp:term":[{"taxonomy":"category","embeddable":true,"href":"https:\/\/humanidades.uach.cl\/respaldo\/wp-json\/wp\/v2\/categories?post=544"},{"taxonomy":"post_tag","embeddable":true,"href":"https:\/\/humanidades.uach.cl\/respaldo\/wp-json\/wp\/v2\/tags?post=544"}],"curies":[{"name":"wp","href":"https:\/\/api.w.org\/{rel}","templated":true}]}}