{"id":543,"date":"2011-11-08T02:22:15","date_gmt":"2011-11-08T02:22:15","guid":{"rendered":"http:\/\/inspiracion.cl\/humanidades\/?p=543"},"modified":"2011-11-08T02:22:15","modified_gmt":"2011-11-08T02:22:15","slug":"%e2%80%9cnos-salvamos-de-estar-en-la-lista-de-fusilados%e2%80%9d","status":"publish","type":"post","link":"https:\/\/humanidades.uach.cl\/respaldo\/2011\/11\/08\/%e2%80%9cnos-salvamos-de-estar-en-la-lista-de-fusilados%e2%80%9d\/","title":{"rendered":"\u201cNos salvamos de estar en la lista de Fusilados\u201d"},"content":{"rendered":"<div id=\"tag_2\">\n<p id=\"tag_2_0\">La actividad que se realiz\u00f3 en el auditorio del edificio CIDFIL de la Facultad de Filosof\u00eda y Humanidades cont\u00f3 la presencia diversos actores sociales, acad\u00e9micos, \u00a0estudiantes universitarios y secundarios de la ciudad.<\/p>\n<p id=\"tag_2_1\">Este evento tiene como objetivo contribuir en la reflexi\u00f3n colectiva de la historia reciente de Chile, dando a conocer crudas vivencias de actores que superaron las inclemencias de la dictadura militar.<\/p>\n<p id=\"tag_2_2\">Se dio inicio al seminario con la presentaci\u00f3n del primer titulado de la carrera de la Pedagog\u00eda en Historia y Ciencias Sociales, Profesor Luis Berger titulada \u201cLa conmemoraci\u00f3n del 11 de septiembre a 10 a\u00f1os del golpe de estado de 1973 un espacio-ventana de memoria colectiva\u201d.<\/p>\n<p id=\"tag_2_3\">En esta instancia el Profesor Berger habl\u00f3 sobre c\u00f3mo el pueblo de chileno conmemora cada 11 de septiembre en actividades p\u00fablicas y privadas \u201cCada 11 de septiembre, Chile se ve envuelto en una especie de catarsis entre los hechos del pasado y el presente, se reflexiona sobre la memoria. Esto al final de cuentas es una batalla necesaria para el pa\u00eds\u201d se\u00f1al\u00f3.<\/p>\n<\/div>\n<div id=\"tag_3\">\n<p id=\"tag_3_0\">Luego se dio paso a las mesas de trabajo donde tres importantes dirigentes sociales de la \u00e9poca de dictadura contaron sus experiencias como militantes del Movimiento de Izquierda Revolucionario (MIR).<\/p>\n<p id=\"tag_3_1\">En primer lugar Alfonzo Freire, qui\u00e9n se present\u00f3 como profesor, escritor, y exonerado pol\u00edtico en 1984, cont\u00f3 a la audiencia que a\u00fan le causa una fuerte impresi\u00f3n recordar a los que llam\u00f3 \u201ccompa\u00f1eros ca\u00eddos\u201d, aludiendo a las figuras presentes en la muestra Vivos en la Memoria. Exposici\u00f3n donde se recuerda a nueve estudiantes de la Universidad Austral que fueron asesinados o desaparecidos a causa de la dictadura militar.<\/p>\n<p id=\"tag_3_2\">A continuaci\u00f3n, Bernardo Yefi qui\u00e9n reconoci\u00f3 ser pionero en las tomas en Valdivia, narr\u00f3 parte de su experiencia en el Campamento Vietnam Heroico. Recalc\u00f3 que la dictadura hizo que la gente de las poblaciones y campamentos perdiera el miedo. \u201cDonde yo viv\u00eda gente estaba dispuesta a resistir, porque d\u00eda a d\u00eda nos prepar\u00e1bamos para eso\u201d.<\/p>\n<\/div>\n<div id=\"tag_4\"><img id=\"tag_4_0\" src=\"http:\/\/humanidades.uach.cl\/respaldo\/show_media.php?id=1314&amp;version=1\" alt=\"image\" \/><\/p>\n<p id=\"tag_4_1\">\n<\/div>\n<div id=\"tag_5\">\n<p id=\"tag_5_0\">Por otra parte el Dirigente Social, Francisco V\u00e1squez, expres\u00f3 unas emotivas palabras al p\u00fablico asistente \u201cEs un orgullo para m\u00ed, poder compartir con personas tan j\u00f3venes como ustedes que hoy luchan por un compromiso con la educaci\u00f3n de calidad. Estos intereses son muy parecidos a los que ten\u00edamos nosotros hace muchos a\u00f1os\u201d.<\/p>\n<p id=\"tag_5_1\">Destac\u00f3 adem\u00e1s el importante rol social y humanitario que cumpli\u00f3 la Universidad Austral en ese periodo \u201cLa UACh sirvi\u00f3 mucho a la comunidad en la dictadura. Ayud\u00f3 a la gente que viv\u00eda en los campamentos, sobre todo los estudiantes que siempre fueron comprometidos con la ciudad y con el pueblo\u201d.<\/p>\n<p id=\"tag_5_2\">Finalmente, Francisco V\u00e1squez enfatiz\u00f3 \u201cNo hay que creer que a todos los del MIR les gustaban las metralletas. Lo que nosotros vivimos fue una tragedia, nos salvamos de estar en la lista de Fusilados\u201d.<\/p>\n<p id=\"tag_5_3\">Esta actividad fue agradecida por los asistentes. Claudio Carrasco estudiante del Instituto Salesiano de Valdivia puntualiz\u00f3 \u201cMe parece bien que se realicen tipo de actividades, porque muchos de los que estamos aqu\u00ed\u00a0 no vivimos los terrores de la dictadura militar. Es bueno mantener lo sucedido en la memoria colectiva porque as\u00ed tenemos un retrato del pasado que nos permite proyectarnos hacia el futuro y as\u00ed ser consecuente con nuestro pasado\u201d.<\/p>\n<p id=\"tag_5_4\"><strong id=\"tag_5_5\">Muestra<\/strong><\/p>\n<p id=\"tag_5_6\">Desde el 12 al 16 de septiembre en el CIDFIL se exhibir\u00e1 la muestra \u201cVivos en la Memoria\u201d. Exposici\u00f3n de nueve figuras con las respectivas biograf\u00edas de nueve estudiantes de la Universidad Austral que fueron asesinados en tiempos de dictadura.<\/p>\n<\/div>\n<div id=\"tag_6\"><\/div>\n","protected":false},"excerpt":{"rendered":"<p>Emotivos testimonios de dirigentes sociales que sobrevivieron a la dictadura militar fueron compartidos hoy en el seminario 1973 Vivo en la Memoria, organizado por la Escuela de Historia y Ciencias Sociales de la UACh.<\/p>\n","protected":false},"author":1,"featured_media":547,"comment_status":"open","ping_status":"open","sticky":false,"template":"","format":"standard","meta":[],"categories":[1],"tags":[],"_links":{"self":[{"href":"https:\/\/humanidades.uach.cl\/respaldo\/wp-json\/wp\/v2\/posts\/543"}],"collection":[{"href":"https:\/\/humanidades.uach.cl\/respaldo\/wp-json\/wp\/v2\/posts"}],"about":[{"href":"https:\/\/humanidades.uach.cl\/respaldo\/wp-json\/wp\/v2\/types\/post"}],"author":[{"embeddable":true,"href":"https:\/\/humanidades.uach.cl\/respaldo\/wp-json\/wp\/v2\/users\/1"}],"replies":[{"embeddable":true,"href":"https:\/\/humanidades.uach.cl\/respaldo\/wp-json\/wp\/v2\/comments?post=543"}],"version-history":[{"count":2,"href":"https:\/\/humanidades.uach.cl\/respaldo\/wp-json\/wp\/v2\/posts\/543\/revisions"}],"predecessor-version":[{"id":556,"href":"https:\/\/humanidades.uach.cl\/respaldo\/wp-json\/wp\/v2\/posts\/543\/revisions\/556"}],"wp:featuredmedia":[{"embeddable":true,"href":"https:\/\/humanidades.uach.cl\/respaldo\/wp-json\/wp\/v2\/media\/547"}],"wp:attachment":[{"href":"https:\/\/humanidades.uach.cl\/respaldo\/wp-json\/wp\/v2\/media?parent=543"}],"wp:term":[{"taxonomy":"category","embeddable":true,"href":"https:\/\/humanidades.uach.cl\/respaldo\/wp-json\/wp\/v2\/categories?post=543"},{"taxonomy":"post_tag","embeddable":true,"href":"https:\/\/humanidades.uach.cl\/respaldo\/wp-json\/wp\/v2\/tags?post=543"}],"curies":[{"name":"wp","href":"https:\/\/api.w.org\/{rel}","templated":true}]}}