{"id":542,"date":"2011-11-08T02:22:09","date_gmt":"2011-11-08T02:22:09","guid":{"rendered":"http:\/\/inspiracion.cl\/humanidades\/?p=542"},"modified":"2011-11-08T02:23:01","modified_gmt":"2011-11-08T02:23:01","slug":"tres-academicos-de-nuestra-facultad-fueron-distinguidos-como-titulares","status":"publish","type":"post","link":"https:\/\/humanidades.uach.cl\/respaldo\/2011\/11\/08\/tres-academicos-de-nuestra-facultad-fueron-distinguidos-como-titulares\/","title":{"rendered":"Tres Acad\u00e9micos de Nuestra Facultad Fueron Distinguidos Como Titulares"},"content":{"rendered":"<div id=\"tag_2\">\n<p id=\"tag_2_0\">La ceremonia del quincuag\u00e9simo aniversario de la Universidad Austral de Chile cont\u00f3 con gran cantidad de p\u00fablico y la presencia de diversas autoridades regionales, locales y universitarias. En primera instancia, se ofreci\u00f3 un minuto de silencio por las v\u00edctimas de la tragedia a\u00e9rea en Juan Fern\u00e1ndez, y por el reciente fallecimiento de Gabriel Vald\u00e9s Subercaseaux, Socio Honorario de la UACh.<\/p>\n<p id=\"tag_2_1\">Luego el Rector de la Universidad Austral de Chile, Dr. V\u00edctor Cubillos realiz\u00f3 un discurso donde se refiri\u00f3 al momento hist\u00f3rico que actualmente vive la educaci\u00f3n en el pa\u00eds. (\u00a0<a id=\"tag_2_2\" href=\"http:\/\/tvaustral.uach.cl\/Play.aspx?video=DB6F487AE5DE5BF43937DA309ADFA021\">Ver el discurso completo<\/a>)<\/p>\n<\/div>\n<div id=\"tag_3\">\n<p id=\"tag_3_0\">En la ocasi\u00f3n tambi\u00e9n se distingui\u00f3 a 38 acad\u00e9micos y funcionarios que cumplieron 25 a\u00f1os de servicio en nuestra casa de estudios. Este acto, fue seguido por la investidura de cuatro nuevos profesores titulares, Doctores Andr\u00e9s Bordal\u00ed Salamanca de la Facultad de Ciencia Jur\u00eddicas y Sociales; \u00d3scar Galindo Villarroel, Sergio Mansilla Torres, y Vicente Serrano Mar\u00edn, de la Facultad de Filosof\u00eda y Humanidades.<\/p>\n<p id=\"tag_3_1\">El Dr. \u00d3scar Galindo, uno de los nuevos profesores reci\u00e9n togados se\u00f1al\u00f3 estar muy contento luego de haber obtenido el m\u00e1ximo reconocimiento como acad\u00e9mico en la UACh. Por su parte el Dr. Vicente Serrano indic\u00f3 que el reconocimiento reci\u00e9n obtenido es un estimulo a su trabajo \u201cHaber llegado a la Austral y haber sido reconocido con la m\u00e1xima categor\u00eda, es excelente, sin duda es un estimulo para comprometerme mucho m\u00e1s con mi trabajo\u201d.<\/p>\n<p id=\"tag_3_2\">De igual forma el Dr. Sergio Mansilla se mostr\u00f3 muy agradecido por este reconocimiento a su trayectoria \u201cEstoy muy agradecido por el reconocimiento que la instituci\u00f3n da a\u00a0 los profesores que hacen una trayectoria intelectual y acad\u00e9mica. Yo lo veo como el resultado natural de una dedicaci\u00f3n de muchos a\u00f1os por la literatura, en la doble dimensi\u00f3n, de escritor, creador, estudioso y cr\u00edtico, la literatura siempre la he experimentado de esas dos maneras y esa ha sido el motor el propio trabajo.\u201d<\/p>\n<\/div>\n<div id=\"tag_4\">\n<p id=\"tag_4_2\">Aniversario 57 UACh<\/p>\n<\/div>\n<div id=\"tag_5\">\n<p id=\"tag_5_0\">Al finalizar la ceremonia el Decano de la Facultad de Filosof\u00eda y Humanidades Dr. Yanko Gonz\u00e1lez expres\u00f3 que este 57 Aniversario de la UACh se ha vivido de una manera particular, incluso con sentimientos encontrados, debido a la crisis en la educaci\u00f3n superior que hoy en d\u00eda enfrenta el pa\u00eds.<\/p>\n<p id=\"tag_5_1\">\u201cCelebrar este cumplea\u00f1os de la universidad en un momento bastante particular, con la esperanza en que la crisis del sistema de educaci\u00f3n superior traiga un futuro mejor para universidades como la nuestra. Existe un sentimiento encontrado, por una parte una alegr\u00eda, por el reconocimiento a la Facultad por el nombramiento de los tres profesores con la m\u00e1xima categor\u00eda acad\u00e9mica que se puede obtener en nuestra casa de estudios, pero tambi\u00e9n un sentimiento de inflexi\u00f3n por lo que est\u00e1n atravesando universidades como \u00e9sta con una gran vocaci\u00f3n y compromiso p\u00fablico\u201d<\/p>\n<\/div>\n","protected":false},"excerpt":{"rendered":"<p>En solemne ceremonia por motivo del quincuag\u00e9simo s\u00e9ptimo aniversario de la Universidad Austral de Chile se entreg\u00f3 la tradicional toga y birrete a cuatro nuevos profesores titulares.<\/p>\n","protected":false},"author":1,"featured_media":546,"comment_status":"open","ping_status":"open","sticky":false,"template":"","format":"standard","meta":[],"categories":[1],"tags":[],"_links":{"self":[{"href":"https:\/\/humanidades.uach.cl\/respaldo\/wp-json\/wp\/v2\/posts\/542"}],"collection":[{"href":"https:\/\/humanidades.uach.cl\/respaldo\/wp-json\/wp\/v2\/posts"}],"about":[{"href":"https:\/\/humanidades.uach.cl\/respaldo\/wp-json\/wp\/v2\/types\/post"}],"author":[{"embeddable":true,"href":"https:\/\/humanidades.uach.cl\/respaldo\/wp-json\/wp\/v2\/users\/1"}],"replies":[{"embeddable":true,"href":"https:\/\/humanidades.uach.cl\/respaldo\/wp-json\/wp\/v2\/comments?post=542"}],"version-history":[{"count":3,"href":"https:\/\/humanidades.uach.cl\/respaldo\/wp-json\/wp\/v2\/posts\/542\/revisions"}],"predecessor-version":[{"id":554,"href":"https:\/\/humanidades.uach.cl\/respaldo\/wp-json\/wp\/v2\/posts\/542\/revisions\/554"}],"wp:featuredmedia":[{"embeddable":true,"href":"https:\/\/humanidades.uach.cl\/respaldo\/wp-json\/wp\/v2\/media\/546"}],"wp:attachment":[{"href":"https:\/\/humanidades.uach.cl\/respaldo\/wp-json\/wp\/v2\/media?parent=542"}],"wp:term":[{"taxonomy":"category","embeddable":true,"href":"https:\/\/humanidades.uach.cl\/respaldo\/wp-json\/wp\/v2\/categories?post=542"},{"taxonomy":"post_tag","embeddable":true,"href":"https:\/\/humanidades.uach.cl\/respaldo\/wp-json\/wp\/v2\/tags?post=542"}],"curies":[{"name":"wp","href":"https:\/\/api.w.org\/{rel}","templated":true}]}}