{"id":531,"date":"2011-11-07T16:52:21","date_gmt":"2011-11-07T16:52:21","guid":{"rendered":"http:\/\/inspiracion.cl\/humanidades\/?p=531"},"modified":"2011-11-07T16:52:21","modified_gmt":"2011-11-07T16:52:21","slug":"la-indignacion-por-la-educacion-es-producto-de-un-dialogo-de-sordos","status":"publish","type":"post","link":"https:\/\/humanidades.uach.cl\/respaldo\/2011\/11\/07\/la-indignacion-por-la-educacion-es-producto-de-un-dialogo-de-sordos\/","title":{"rendered":"La Indignaci\u00f3n por la Educaci\u00f3n es Producto de un Di\u00e1logo de Sordos"},"content":{"rendered":"<p id=\"tag_2_1\">En esta oportunidad, la profesora intent\u00f3 explicar qu\u00e9 est\u00e1 pasando en hoy en d\u00eda en nuestra sociedad. Por qu\u00e9 las marchas, protestas y demandas de las personas han llegado a un nivel de masividad y descontento generalizado con el actual Gobierno y sistema socioecon\u00f3mico.<\/p>\n<p id=\"tag_2_2\">Acceder a la entrevista\u00a0<a id=\"tag_2_3\" href=\"http:\/\/noticias.uach.cl\/principal.php?pag=noticia-externo&amp;cod=36204\">Aqu\u00ed<\/a>\u00a0.<\/p>\n","protected":false},"excerpt":{"rendered":"<p>Esta semana la Dra. Clara Olmedo, acad\u00e9mica e investigadora del Instituto de Ciencias Sociales de la Facultad de Filosof\u00eda y Humanidades de la UACh, fue entrevistada por Maximiliano Valenzuela en el programa radial Caf\u00e9 Austral 90.1 FM.<\/p>\n","protected":false},"author":1,"featured_media":532,"comment_status":"open","ping_status":"open","sticky":false,"template":"","format":"standard","meta":[],"categories":[1],"tags":[],"_links":{"self":[{"href":"https:\/\/humanidades.uach.cl\/respaldo\/wp-json\/wp\/v2\/posts\/531"}],"collection":[{"href":"https:\/\/humanidades.uach.cl\/respaldo\/wp-json\/wp\/v2\/posts"}],"about":[{"href":"https:\/\/humanidades.uach.cl\/respaldo\/wp-json\/wp\/v2\/types\/post"}],"author":[{"embeddable":true,"href":"https:\/\/humanidades.uach.cl\/respaldo\/wp-json\/wp\/v2\/users\/1"}],"replies":[{"embeddable":true,"href":"https:\/\/humanidades.uach.cl\/respaldo\/wp-json\/wp\/v2\/comments?post=531"}],"version-history":[{"count":2,"href":"https:\/\/humanidades.uach.cl\/respaldo\/wp-json\/wp\/v2\/posts\/531\/revisions"}],"predecessor-version":[{"id":539,"href":"https:\/\/humanidades.uach.cl\/respaldo\/wp-json\/wp\/v2\/posts\/531\/revisions\/539"}],"wp:featuredmedia":[{"embeddable":true,"href":"https:\/\/humanidades.uach.cl\/respaldo\/wp-json\/wp\/v2\/media\/532"}],"wp:attachment":[{"href":"https:\/\/humanidades.uach.cl\/respaldo\/wp-json\/wp\/v2\/media?parent=531"}],"wp:term":[{"taxonomy":"category","embeddable":true,"href":"https:\/\/humanidades.uach.cl\/respaldo\/wp-json\/wp\/v2\/categories?post=531"},{"taxonomy":"post_tag","embeddable":true,"href":"https:\/\/humanidades.uach.cl\/respaldo\/wp-json\/wp\/v2\/tags?post=531"}],"curies":[{"name":"wp","href":"https:\/\/api.w.org\/{rel}","templated":true}]}}