{"id":530,"date":"2011-11-07T16:52:31","date_gmt":"2011-11-07T16:52:31","guid":{"rendered":"http:\/\/inspiracion.cl\/humanidades\/?p=530"},"modified":"2011-11-07T16:52:31","modified_gmt":"2011-11-07T16:52:31","slug":"revista-el-frente-el-nuevo-espacio-para-la-libre-de-expresion","status":"publish","type":"post","link":"https:\/\/humanidades.uach.cl\/respaldo\/2011\/11\/07\/revista-el-frente-el-nuevo-espacio-para-la-libre-de-expresion\/","title":{"rendered":"Revista El Frente: El Nuevo Espacio Para la Libre de Expresi\u00f3n"},"content":{"rendered":"<div id=\"tag_2\">\n<p id=\"tag_2_0\">Francisco Alvarado, Mauricio D\u00edaz, y Jos\u00e9 Luis Morales, estudiantes de 4to a\u00f1o de la carrera de Ped. en Historia y Ciencias Sociales, son editores de la Revista El Frente. Nuevo medio de comunicaci\u00f3n independiente cuyo principal objetivo es compartir diferentes puntos de vistas sobre la sociedad actual.<\/p>\n<p id=\"tag_2_1\">Tal como lo definen sus editores, El Frente es una Invitaci\u00f3n abierta a compartir una visi\u00f3n plural sobre la sociedad actual, mediante la publicaci\u00f3n de art\u00edculos, noticias, poes\u00eda, dibujos, opiniones, y experiencias.<\/p>\n<p id=\"tag_2_2\">Seg\u00fan Francisco Alvarado, creador del proyecto, esta iniciativa surgi\u00f3 a fines del a\u00f1o 2010, con el objetivo de abrir espacios de difusi\u00f3n a problem\u00e1ticas existentes en la sociedad local, en respuesta a la hegemon\u00eda informativa que prima en el pa\u00eds.<\/p>\n<p id=\"tag_2_3\">\u201cLa Revista se puede definir como un medio de comunicaci\u00f3n cultural contra hegem\u00f3nico. La idea principal de cada edici\u00f3n es contar historias que no tienen cabida en los medios tradicionales, queremos plasmar la historia no oficial de hechos que ocurren en Valdivia, y Latinoam\u00e9rica\u201d se\u00f1al\u00f3.<\/p>\n<p id=\"tag_2_4\">Por su parte, Mauricio D\u00edaz, expres\u00f3 que hasta ahora se ha cumplido el objetivo de la revista, ya que han participado estudiantes de diferentes carreras de la Facultad de Filosof\u00eda y Humanidades, incluyendo los escritos de estudiantes de otras nacionalidades.<\/p>\n<\/div>\n<div id=\"tag_3\">\n<p id=\"tag_3_0\">Mauricio D\u00edaz mencion\u00f3 adem\u00e1s \u00a0\u201cHemos trabajo muy bien hasta ahora, tenemos proyecciones de seguir con la revista a pesar de que algunos de nosotros egresemos este a\u00f1o. Se debe seguir fomentando la libre expresi\u00f3n en los estudiantes de la universidad\u201d.<\/p>\n<p id=\"tag_3_1\">Finalmente, los estudiantes concluyeron en que el mayor desaf\u00edo que tienen a futuro como equipo, es sacar versiones en papel de la Revista EL Frente; y poder \u00a0incluir en pr\u00f3ximas ediciones los trabajos de estudiantes de otras carreras de la UACh \u201cNo queremos que s\u00f3lo sea una revista de estudiantes de historia\u201d.<\/p>\n<p id=\"tag_3_2\">Se puede tener acceso a las cuatro ediciones de esta revista en\u00a0<a id=\"tag_3_3\" href=\"http:\/\/revistaelfrente.blogspot.com\/\">revistaelfrente.blogspot.com<\/a>\u00a0. Los interesados en participar de esta interesante iniciativa pueden enviar sus propuestas al correo electr\u00f3nico\u00a0<a id=\"tag_3_4\" href=\"mailto:revistaelfrente1gmail.com\">revistaelfrente@gmail.com<\/a>\u00a0.<\/p>\n<p id=\"tag_3_5\">\n<\/div>\n<div id=\"tag_4\"><\/div>\n","protected":false},"excerpt":{"rendered":"<p>Estudiantes de la carrera de Ped. En Historia y Ciencias Sociales de la UACh, lanzan cuarta edici\u00f3n de revista online.<br \/>\nActualizado el 23-09-2011<br \/>\nEscrito por: Carolina Angulo Bravo. Periodista. Coordinaci\u00f3n de extensi\u00f3n. Facultad de Filosof\u00eda y Humanidades. promofil@uach.cl.<\/p>\n","protected":false},"author":1,"featured_media":533,"comment_status":"open","ping_status":"open","sticky":false,"template":"","format":"standard","meta":[],"categories":[1],"tags":[],"_links":{"self":[{"href":"https:\/\/humanidades.uach.cl\/respaldo\/wp-json\/wp\/v2\/posts\/530"}],"collection":[{"href":"https:\/\/humanidades.uach.cl\/respaldo\/wp-json\/wp\/v2\/posts"}],"about":[{"href":"https:\/\/humanidades.uach.cl\/respaldo\/wp-json\/wp\/v2\/types\/post"}],"author":[{"embeddable":true,"href":"https:\/\/humanidades.uach.cl\/respaldo\/wp-json\/wp\/v2\/users\/1"}],"replies":[{"embeddable":true,"href":"https:\/\/humanidades.uach.cl\/respaldo\/wp-json\/wp\/v2\/comments?post=530"}],"version-history":[{"count":1,"href":"https:\/\/humanidades.uach.cl\/respaldo\/wp-json\/wp\/v2\/posts\/530\/revisions"}],"predecessor-version":[{"id":537,"href":"https:\/\/humanidades.uach.cl\/respaldo\/wp-json\/wp\/v2\/posts\/530\/revisions\/537"}],"wp:featuredmedia":[{"embeddable":true,"href":"https:\/\/humanidades.uach.cl\/respaldo\/wp-json\/wp\/v2\/media\/533"}],"wp:attachment":[{"href":"https:\/\/humanidades.uach.cl\/respaldo\/wp-json\/wp\/v2\/media?parent=530"}],"wp:term":[{"taxonomy":"category","embeddable":true,"href":"https:\/\/humanidades.uach.cl\/respaldo\/wp-json\/wp\/v2\/categories?post=530"},{"taxonomy":"post_tag","embeddable":true,"href":"https:\/\/humanidades.uach.cl\/respaldo\/wp-json\/wp\/v2\/tags?post=530"}],"curies":[{"name":"wp","href":"https:\/\/api.w.org\/{rel}","templated":true}]}}