{"id":529,"date":"2011-11-07T16:52:35","date_gmt":"2011-11-07T16:52:35","guid":{"rendered":"http:\/\/inspiracion.cl\/humanidades\/?p=529"},"modified":"2011-11-07T16:52:35","modified_gmt":"2011-11-07T16:52:35","slug":"%c2%a1ya-estamos-en-las-redes-sociales","status":"publish","type":"post","link":"https:\/\/humanidades.uach.cl\/respaldo\/2011\/11\/07\/%c2%a1ya-estamos-en-las-redes-sociales\/","title":{"rendered":"\u00a1Ya Estamos en las Redes Sociales!"},"content":{"rendered":"<div id=\"tag_1\">\n<p id=\"tag_1_0\">Agregando e ingresando a nuestros sitios de Facebook y twitter, podr\u00e1s enterarte de las noticias y actividades desarrolladas semanalmente por las seis carreras de la Facultad de Filosof\u00eda y Humanidades.<\/p>\n<p id=\"tag_1_1\">Adem\u00e1s puedes participar del sorteo semanal de entradas para las pel\u00edculas de estreno en el Cine Club UACh, y asistir a los conciertos de la Orquesta de C\u00e1mara de Valdivia.<\/p>\n<p id=\"tag_1_2\">P\u00e1gina Web:<\/p>\n<p id=\"tag_1_4\"><a id=\"tag_1_6\" href=\"http:\/\/www.humanidades.uach.cl\/\">www.humanidades.uach.cl<\/a><\/p>\n<p id=\"tag_1_7\">P\u00e1gina de Facebook :<\/p>\n<p id=\"tag_1_11\"><a id=\"tag_1_13\" href=\"http:\/\/www.facebook.com\/pages\/Coordinaci%C3%B3n-de-Extensi%C3%B3n-Facultad-de-Filosofia-y-Humanidades\/241106735925942\">Coordinaci\u00f3n de Extensi\u00f3n &#8211; Facultad de Filosof\u00eda y Humanidades<\/a><\/p>\n<p id=\"tag_1_14\">Twitter:<\/p>\n<p id=\"tag_1_18\"><a id=\"tag_1_20\" href=\"http:\/\/twitter.com\/#!\/ExtenFil_UACh\">@ExtenFil_UACh \u00a0<\/a><\/p>\n<\/div>\n<div id=\"tag_2\"><\/div>\n","protected":false},"excerpt":{"rendered":"<p>Con el fin de hacer part\u00edcipe a la comunidad de todas las actividades que realizan tanto estudiantes como acad\u00e9micos de nuestra facultad, la Coordinaci\u00f3n de Extensi\u00f3n ha creado cuentas en las redes sociales. <\/p>\n","protected":false},"author":1,"featured_media":534,"comment_status":"open","ping_status":"open","sticky":false,"template":"","format":"standard","meta":[],"categories":[1],"tags":[],"_links":{"self":[{"href":"https:\/\/humanidades.uach.cl\/respaldo\/wp-json\/wp\/v2\/posts\/529"}],"collection":[{"href":"https:\/\/humanidades.uach.cl\/respaldo\/wp-json\/wp\/v2\/posts"}],"about":[{"href":"https:\/\/humanidades.uach.cl\/respaldo\/wp-json\/wp\/v2\/types\/post"}],"author":[{"embeddable":true,"href":"https:\/\/humanidades.uach.cl\/respaldo\/wp-json\/wp\/v2\/users\/1"}],"replies":[{"embeddable":true,"href":"https:\/\/humanidades.uach.cl\/respaldo\/wp-json\/wp\/v2\/comments?post=529"}],"version-history":[{"count":1,"href":"https:\/\/humanidades.uach.cl\/respaldo\/wp-json\/wp\/v2\/posts\/529\/revisions"}],"predecessor-version":[{"id":538,"href":"https:\/\/humanidades.uach.cl\/respaldo\/wp-json\/wp\/v2\/posts\/529\/revisions\/538"}],"wp:featuredmedia":[{"embeddable":true,"href":"https:\/\/humanidades.uach.cl\/respaldo\/wp-json\/wp\/v2\/media\/534"}],"wp:attachment":[{"href":"https:\/\/humanidades.uach.cl\/respaldo\/wp-json\/wp\/v2\/media?parent=529"}],"wp:term":[{"taxonomy":"category","embeddable":true,"href":"https:\/\/humanidades.uach.cl\/respaldo\/wp-json\/wp\/v2\/categories?post=529"},{"taxonomy":"post_tag","embeddable":true,"href":"https:\/\/humanidades.uach.cl\/respaldo\/wp-json\/wp\/v2\/tags?post=529"}],"curies":[{"name":"wp","href":"https:\/\/api.w.org\/{rel}","templated":true}]}}