{"id":528,"date":"2011-11-07T16:53:00","date_gmt":"2011-11-07T16:53:00","guid":{"rendered":"http:\/\/inspiracion.cl\/humanidades\/?p=528"},"modified":"2011-11-07T16:53:00","modified_gmt":"2011-11-07T16:53:00","slug":"graban-capsulas-radiales-sobre-cuidado-del-medio-ambiente","status":"publish","type":"post","link":"https:\/\/humanidades.uach.cl\/respaldo\/2011\/11\/07\/graban-capsulas-radiales-sobre-cuidado-del-medio-ambiente\/","title":{"rendered":"Graban C\u00e1psulas Radiales Sobre Cuidado del Medio Ambiente"},"content":{"rendered":"<div id=\"tag_3\">\n<p id=\"tag_3_0\">Con el fin de concientizar a la ciudadan\u00eda sobre la importancia del cuidado y valoraci\u00f3n del medio ambiente, Fundaci\u00f3n Forecos con el financiamiento del Programa de las Naciones Unidades para el Desarrollo PNUD, y la colaboraci\u00f3n de estudiantes y profesores de la Escuela de Periodismo de la UACh se encuentran desarrollando \u00a0capsulas radiales informativas.<\/p>\n<p id=\"tag_3_1\">Este es un proyecto de GEF &#8211; SIRAP, adjudicado por la Fundaci\u00f3n FORECOS contempla el dise\u00f1o e implementaci\u00f3n de \u00a0tres campa\u00f1as radiales para la Regi\u00f3n de los R\u00edos y los Lagos, que permitan reflexionar al auditor sobre la importancia de las \u00e1reas protegidas, la conservaci\u00f3n de la biodiversidad, el uso sustentable de los recursos naturales y el desarrollo de las comunidades aleda\u00f1as a estos sectores.<\/p>\n<p id=\"tag_3_2\">Esta semana se trabaj\u00f3 en la primera de tres campa\u00f1as radiales, donde la biodiversidad y el cuidado del medio ambiente fueron los principales protagonistas. Marcos Lavado, profesor del Instituto de Comunicaci\u00f3n Social, y Coordinador General del proyecto expres\u00f3 que se pretende difundir estos productos radiof\u00f3nicos en ciudades y localidades rurales.<\/p>\n<p id=\"tag_3_3\">\u201cElegimos la radio para difundir estas tem\u00e1ticas, por el amplio alcance que tiene este medio de comunicaci\u00f3n tanto en las grandes ciudades, como en las localidades rurales. Por otro lado, las c\u00e1psulas fueron creadas para generar \u00a0impacto tanto en ni\u00f1os como adultos,\u00a0 son entretenidas, f\u00e1ciles de recordar,\u00a0 y comprender\u201d se\u00f1al\u00f3.<\/p>\n<\/div>\n<div id=\"tag_4\">\n<p id=\"tag_4_0\">La incorporaci\u00f3n de estudiantes de la carrera de Periodismo en este tipo de iniciativas es muy importante seg\u00fan indic\u00f3 el Coordinador, ya que \u00a0proyectos como este hacen que se abran las puertas al desarrollo profesional, poniendo en pr\u00e1ctica los conocimientos en creaci\u00f3n y producci\u00f3n de capsulas radiof\u00f3nicas.<\/p>\n<p id=\"tag_4_1\">Finalmente, Laura Skewes, estudiante secundaria, quien particip\u00f3 en la grabaci\u00f3n, expres\u00f3 que sin duda fue una gran experiencia \u201cMe enter\u00e9 de la grabaci\u00f3n por una invitaci\u00f3n por Facebook, y creo que fue una muy buena experiencia, compartir con todos, y ver c\u00f3mo funciona un medio de comunicaci\u00f3n masivo como la radio. Adem\u00e1s el cuidado del medio ambiente es un tema que me importa mucho, y estoy dispuesta a ayudar\u201d.<\/p>\n<\/div>\n<div id=\"tag_5\"><\/div>\n","protected":false},"excerpt":{"rendered":"<p>Diferentes especies de la flora y fauna de las regiones de Los R\u00edos y Los Lagos como Diwe\u00f1es, Alerces y Torcazas fueron personificados por estudiantes secundarios y universitarios en novedosos productos radiof\u00f3nicos.<\/p>\n","protected":false},"author":1,"featured_media":535,"comment_status":"open","ping_status":"open","sticky":false,"template":"","format":"standard","meta":[],"categories":[1],"tags":[],"_links":{"self":[{"href":"https:\/\/humanidades.uach.cl\/respaldo\/wp-json\/wp\/v2\/posts\/528"}],"collection":[{"href":"https:\/\/humanidades.uach.cl\/respaldo\/wp-json\/wp\/v2\/posts"}],"about":[{"href":"https:\/\/humanidades.uach.cl\/respaldo\/wp-json\/wp\/v2\/types\/post"}],"author":[{"embeddable":true,"href":"https:\/\/humanidades.uach.cl\/respaldo\/wp-json\/wp\/v2\/users\/1"}],"replies":[{"embeddable":true,"href":"https:\/\/humanidades.uach.cl\/respaldo\/wp-json\/wp\/v2\/comments?post=528"}],"version-history":[{"count":2,"href":"https:\/\/humanidades.uach.cl\/respaldo\/wp-json\/wp\/v2\/posts\/528\/revisions"}],"predecessor-version":[{"id":541,"href":"https:\/\/humanidades.uach.cl\/respaldo\/wp-json\/wp\/v2\/posts\/528\/revisions\/541"}],"wp:featuredmedia":[{"embeddable":true,"href":"https:\/\/humanidades.uach.cl\/respaldo\/wp-json\/wp\/v2\/media\/535"}],"wp:attachment":[{"href":"https:\/\/humanidades.uach.cl\/respaldo\/wp-json\/wp\/v2\/media?parent=528"}],"wp:term":[{"taxonomy":"category","embeddable":true,"href":"https:\/\/humanidades.uach.cl\/respaldo\/wp-json\/wp\/v2\/categories?post=528"},{"taxonomy":"post_tag","embeddable":true,"href":"https:\/\/humanidades.uach.cl\/respaldo\/wp-json\/wp\/v2\/tags?post=528"}],"curies":[{"name":"wp","href":"https:\/\/api.w.org\/{rel}","templated":true}]}}