{"id":518,"date":"2011-11-07T16:43:20","date_gmt":"2011-11-07T16:43:20","guid":{"rendered":"http:\/\/inspiracion.cl\/humanidades\/?p=518"},"modified":"2011-11-07T16:43:20","modified_gmt":"2011-11-07T16:43:20","slug":"integrantes-de-comites-de-agua-potable-rural-se-capacitaron-en-comunicacion-organizacional","status":"publish","type":"post","link":"https:\/\/humanidades.uach.cl\/respaldo\/2011\/11\/07\/integrantes-de-comites-de-agua-potable-rural-se-capacitaron-en-comunicacion-organizacional\/","title":{"rendered":"Integrantes de Comit\u00e9s de Agua Potable Rural se Capacitaron en Comunicaci\u00f3n Organizacional"},"content":{"rendered":"<div id=\"tag_4\">\n<p id=\"tag_4_0\">En vista de las necesidades que han presentado los dirigentes durante los nueve meses que lleva en marcha el proyecto, se ha vislumbrado la importancia de que exista una cercan\u00eda entre los usuarios y sus dirigentes.<\/p>\n<p id=\"tag_4_1\">Para\u00a0<strong id=\"tag_4_2\">Francisco Morey<\/strong>\u00a0, profesor del Instituto de Comunicaci\u00f3n Social, y encargado de Transferencia de Innova Cuencas APR, reunirse con los Dirigentes de CAPR y hablar de comunicaci\u00f3n es una oportunidad \u00fanica de conectar a la universidad con el desarrollo rural. Para organizaciones tan importantes es esencial saber recoger informaci\u00f3n de la comunidad y tambi\u00e9n socializar los planes de desarrollo institucional,\u00a0<strong id=\"tag_4_3\"><em id=\"tag_4_4\">\u201cpara lo que es muy relevante manejar herramientas de comunicaci\u00f3n organizacional y entender c\u00f3mo operan los medios de comunicaci\u00f3n\u201d<\/em><\/strong><\/p>\n<p id=\"tag_4_5\">En el taller se conformaron grupos de trabajos integrados por cient\u00edficos,\u00a0 estudiantes de ingenier\u00eda forestal, periodistas y los dirigentes de los comit\u00e9s.\u00a0 Cada grupo present\u00f3 un tema relevante para los dirigentes que se enfoc\u00f3 en las necesidades y fortalezas de cada comit\u00e9. Luego cada grupo por medio de votaci\u00f3n seleccion\u00f3 el tema de mayor importancia para comunicar.<\/p>\n<p id=\"tag_4_6\">\n<p id=\"tag_4_7\">Las buenas relaciones con las localidades y la importancia de comunicar ya lo ha tenido presente en sus gestiones\u00a0<strong id=\"tag_4_8\">Jaime Carrasco<\/strong>\u00a0, presidente del Comit\u00e9 de Liqui\u00f1e, quien expres\u00f3 que al recibir el comit\u00e9 \u00e9ste no ten\u00eda buena relaci\u00f3n con su localidad lo que se traduc\u00eda en constantes demoras en los pagos e incluso la reticencia a cancelar por el servicio. Eso cambi\u00f3 poco a poco, cuando \u00e9l no s\u00f3lo se preocup\u00f3 de abrir las puertas de su oficina y conversar con las personas, \u00a0sino tambi\u00e9n, \u00a0que con actos solidarios para las familias con mayores necesidades e invitaciones a participar de las reuniones.<\/p>\n<\/div>\n<div id=\"tag_5\">\n<p id=\"tag_5_0\">A los participantes se les ense\u00f1\u00f3 la importancia de lo qu\u00e9 es la noticia como producto, c\u00f3mo se construye y c\u00f3mo se genera un comunicado. Se present\u00f3 por qu\u00e9 es importante la comunicaci\u00f3n organizacional y como por\u00a0 medio de ella\u00a0 se construye una buena o mala imagen en este caso de los comit\u00e9s.<\/p>\n<p id=\"tag_5_1\">El periodista\u00a0<strong id=\"tag_5_2\">Marcos Lavado,\u00a0<\/strong>quien tambi\u00e9n es profesor del Instituto de Comunicaci\u00f3n Social de nuestra facultad, es el encargado de comunicaciones de Innova Cuencas APR, explic\u00f3 que es fundamental traspasar herramientas comunicacionales a los dirigentes para tener una relaci\u00f3n de colaboraci\u00f3n entre los CAPR y los usuarios del agua. \u201cDimensionar la fuerza que tiene un mensaje comunicacional, dotar\u00e1 a los dirigentes de conceptos y herramientas b\u00e1sicas para motivar la participaci\u00f3n de los socios de cada comit\u00e9\u201d, enfatiz\u00f3.<\/p>\n<p id=\"tag_5_3\">La buena relaci\u00f3n con las personas es algo que\u00a0\u00a0<strong id=\"tag_5_4\">Marta Fonseca<\/strong>\u00a0, socia del comit\u00e9 de Liqui\u00f1e asegura que el Comit\u00e9 ha realizado una buena gesti\u00f3n y se va visto reflejado en la buena asistencia a las reuniones, donde presentan todos sus problemas e inquietudes. Finalmente Fonseca comenta\u00a0<strong id=\"tag_5_5\"><em id=\"tag_5_6\">\u201cyo veo que en Liqui\u00f1e se ha logrado la buena comunicaci\u00f3n con la gente\u201d.<\/em>\u00a0<\/strong><em id=\"tag_5_7\">\u00a0<\/em><\/p>\n<p id=\"tag_5_8\">El operador de Co\u00f1aripe\u00a0\u00a0<strong id=\"tag_5_9\">Gabriel Manosalba,\u00a0\u00a0<\/strong>quien lleva 13 a\u00f1os cumpliendo\u00a0 esta importante funci\u00f3n dentro del Comit\u00e9 de Agua Potable expres\u00f3 que aprender sobre c\u00f3mo comunicar le resulta muy interesante ya que podr\u00e1n pensar en la elaboraci\u00f3n de un bolet\u00edn informativo para tener un mayor contacto con sus usuarios. Adem\u00e1s coment\u00f3\u00a0<strong id=\"tag_5_10\"><em id=\"tag_5_11\">\u201cque la falta de comunicaci\u00f3n crea un problema ya que la gente pregunta cosas que no corresponden, as\u00ed sabr\u00e1n en qu\u00e9 se utilizan las platas, en qu\u00e9 se est\u00e1 invirtiendo\u201d.<\/em><\/strong><\/p>\n<p id=\"tag_5_12\">\n<\/div>\n<div id=\"tag_6\">\n<p id=\"tag_6_0\">\n<p id=\"tag_6_1\">\n<p id=\"tag_6_2\">\n<p id=\"tag_6_3\">\n<\/div>\n","protected":false},"excerpt":{"rendered":"<p>M\u00e1s de 30 dirigentes de las localidades de Mashue, Reum\u00e9n, Liqui\u00f1e, Co\u00f1aripe, Pucura, Neltume, Niebla- Los Molinos,  Isla Mancera, entre otros beneficiaros del Proyecto Innova Cuencas APR, se capacitaron en comunicaci\u00f3n organizacional en el marco del Primer Taller de Transferencia Tecnol\u00f3gica realizado los d\u00edas 8 y 9 de septiembre en Chaihu\u00edn.<\/p>\n","protected":false},"author":1,"featured_media":522,"comment_status":"open","ping_status":"open","sticky":false,"template":"","format":"standard","meta":[],"categories":[1],"tags":[],"_links":{"self":[{"href":"https:\/\/humanidades.uach.cl\/respaldo\/wp-json\/wp\/v2\/posts\/518"}],"collection":[{"href":"https:\/\/humanidades.uach.cl\/respaldo\/wp-json\/wp\/v2\/posts"}],"about":[{"href":"https:\/\/humanidades.uach.cl\/respaldo\/wp-json\/wp\/v2\/types\/post"}],"author":[{"embeddable":true,"href":"https:\/\/humanidades.uach.cl\/respaldo\/wp-json\/wp\/v2\/users\/1"}],"replies":[{"embeddable":true,"href":"https:\/\/humanidades.uach.cl\/respaldo\/wp-json\/wp\/v2\/comments?post=518"}],"version-history":[{"count":1,"href":"https:\/\/humanidades.uach.cl\/respaldo\/wp-json\/wp\/v2\/posts\/518\/revisions"}],"predecessor-version":[{"id":526,"href":"https:\/\/humanidades.uach.cl\/respaldo\/wp-json\/wp\/v2\/posts\/518\/revisions\/526"}],"wp:featuredmedia":[{"embeddable":true,"href":"https:\/\/humanidades.uach.cl\/respaldo\/wp-json\/wp\/v2\/media\/522"}],"wp:attachment":[{"href":"https:\/\/humanidades.uach.cl\/respaldo\/wp-json\/wp\/v2\/media?parent=518"}],"wp:term":[{"taxonomy":"category","embeddable":true,"href":"https:\/\/humanidades.uach.cl\/respaldo\/wp-json\/wp\/v2\/categories?post=518"},{"taxonomy":"post_tag","embeddable":true,"href":"https:\/\/humanidades.uach.cl\/respaldo\/wp-json\/wp\/v2\/tags?post=518"}],"curies":[{"name":"wp","href":"https:\/\/api.w.org\/{rel}","templated":true}]}}