{"id":517,"date":"2011-11-07T16:43:11","date_gmt":"2011-11-07T16:43:11","guid":{"rendered":"http:\/\/inspiracion.cl\/humanidades\/?p=517"},"modified":"2011-11-07T16:43:11","modified_gmt":"2011-11-07T16:43:11","slug":"%e2%80%9cdocentes-kelluwen-a-un-paso-de-innovar-en-el-aula%e2%80%9d","status":"publish","type":"post","link":"https:\/\/humanidades.uach.cl\/respaldo\/2011\/11\/07\/%e2%80%9cdocentes-kelluwen-a-un-paso-de-innovar-en-el-aula%e2%80%9d\/","title":{"rendered":"\u201cDocentes Kelluwen: a un paso de innovar en el aula\u201d"},"content":{"rendered":"<div id=\"tag_2\">\n<p id=\"tag_2_0\">Con el reto de \u201cutilizar estrategias para motivar a los estudiantes en el uso educativo de Internet\u201d, y culminar la etapa de preparaci\u00f3n para la intervenci\u00f3n de Kelluwen, el pasado viernes 23 de septiembre los y las docentes valdivianos dispuestos a participar en este proyecto de innovaci\u00f3n educativa, asistieron a la segunda parte del taller \u201cAplicaciones did\u00e1cticas de la Web 2.0\u201d.<\/p>\n<p id=\"tag_2_1\">Evidenciando una gran disposici\u00f3n y expectativas por trabajar con este nuevo m\u00e9todo de ense\u00f1anza, profesores y profesoras pertenecientes a seis establecimientos de la ciudad tuvieron la oportunidad de interiorizarse en el trabajo educativo con herramientas de la Web 2.0 y comenzar la ejecuci\u00f3n de actividades did\u00e1cticas en la plataforma Kelluwen.<\/p>\n<p id=\"tag_2_2\">En la ocasi\u00f3n la directora del proyecto Dra. Eliana Scheihing destac\u00f3 la importancia de esta etapa para un lograr resultados exitosos en las salas de clases. \u201cEstos talleres no son trascendentes s\u00f3lo por la capacitaci\u00f3n que entregan a los profesores y profesoras que forman parte de la red Kelluwen, sino que adquieren gran valoraci\u00f3n por ser instancias en las que docentes e investigadores tenemos la oportunidad de reflexionar, retroalimentarnos y generar la confianza necesaria para ejecutar este desaf\u00edo de manera exitosa\u201d.<\/p>\n<\/div>\n<div id=\"tagnew_1317243042\"><img id=\"tagnew_1317243042_0\" src=\"http:\/\/humanidades.uach.cl\/respaldo\/show_media.php?id=1365&amp;version=1\" alt=\"image\" \/><\/p>\n<p id=\"tagnew_1317243042_1\">Kelluwen<\/p>\n<\/div>\n<div id=\"tag_3\">\n<p id=\"tag_3_0\"><strong id=\"tag_3_1\">El taller<\/strong><\/p>\n<p id=\"tag_3_2\">Profesores y profesoras de la Escuela Helvecia, Colegio Laura Vicu\u00f1a, Escuela Alemania, Escuela Niebla, Instituto Tecnol\u00f3gico del Sur y Escuela Adventista se reunieron en las dependencias de la Universidad Austral de Chile con el objetivo de continuar su proceso de preparaci\u00f3n para la intervenci\u00f3n educativa Kelluwen, que comenzar\u00e1n a ejecutar en sus aulas desde octubre.<\/p>\n<p id=\"tag_3_3\">Durante el desarrollo del taller, los (as) asistentes se interiorizaron en el uso escolar de variadas herramientas Web 2.0 como Panoramio, Youtube, Gigapan y WordPress, por medio de la ejecuci\u00f3n de actividades de los dise\u00f1os did\u00e1cticos propuestos por el equipo Kelluwen para los sectores de Lenguaje y Comunicaci\u00f3n e Historia, Geograf\u00eda y Ciencias Sociales.<\/p>\n<p id=\"tag_3_4\">As\u00ed tambi\u00e9n pudieron conocer e indagar en las funcionalidades de la plataforma del proyecto, estructura fundamental para llevar a cabo el proceso educativo, pues ser\u00e1 el reflejo de las actividades, interacciones y productos realizados por los y las estudiantes que forman parte de la red Kelluwen. En todo momento la ejecuci\u00f3n de tareas fue guiada por el equipo de investigaci\u00f3n, con el fin de propiciar cercan\u00eda y apropiaci\u00f3n entre los (as) profesores (as) y el uso de tecnolog\u00edas en el aula.<\/p>\n<p id=\"tag_3_5\">En este sentido la Ingeniera Inform\u00e1tica del proyecto, Carolina Aros, se\u00f1al\u00f3 que es de gran trascendencia que los y las docentes logren un acercamiento y manejo apropiado del soporte Web, pues \u201cel que ellos (as) logren un conocimiento y manejo adecuado de las opciones que ofrece nuestra plataforma para el proceso de innovaci\u00f3n did\u00e1ctica, permite que el desarrollo de las actividades sea m\u00e1s eficiente, fluido y cercano a los (las) estudiantes\u201d, se\u00f1al\u00f3 la ingeniera.<\/p>\n<p id=\"tag_3_6\">Dentro de las impresiones expresadas por los profesores y profesoras que asistieron al taller, se destac\u00f3 la importancia de generar mecanismos que permitan motivar a los estudiantes para utilizar la Web 2.0 no s\u00f3lo como herramienta de entretenci\u00f3n, sino como un medio que les permita proyectar sus \u201cciberactividades\u201d cotidianas al aprendizaje escolar.<\/p>\n<\/div>\n","protected":false},"excerpt":{"rendered":"<p>La actividad, que se llev\u00f3 a cabo en el Campus Miraflores de la Universidad Austral de Chile, cont\u00f3 con la presencia de profesores y profesoras pertenecientes a seis colegios de Valdivia.<\/p>\n","protected":false},"author":1,"featured_media":524,"comment_status":"open","ping_status":"open","sticky":false,"template":"","format":"standard","meta":[],"categories":[1],"tags":[],"_links":{"self":[{"href":"https:\/\/humanidades.uach.cl\/respaldo\/wp-json\/wp\/v2\/posts\/517"}],"collection":[{"href":"https:\/\/humanidades.uach.cl\/respaldo\/wp-json\/wp\/v2\/posts"}],"about":[{"href":"https:\/\/humanidades.uach.cl\/respaldo\/wp-json\/wp\/v2\/types\/post"}],"author":[{"embeddable":true,"href":"https:\/\/humanidades.uach.cl\/respaldo\/wp-json\/wp\/v2\/users\/1"}],"replies":[{"embeddable":true,"href":"https:\/\/humanidades.uach.cl\/respaldo\/wp-json\/wp\/v2\/comments?post=517"}],"version-history":[{"count":1,"href":"https:\/\/humanidades.uach.cl\/respaldo\/wp-json\/wp\/v2\/posts\/517\/revisions"}],"predecessor-version":[{"id":525,"href":"https:\/\/humanidades.uach.cl\/respaldo\/wp-json\/wp\/v2\/posts\/517\/revisions\/525"}],"wp:featuredmedia":[{"embeddable":true,"href":"https:\/\/humanidades.uach.cl\/respaldo\/wp-json\/wp\/v2\/media\/524"}],"wp:attachment":[{"href":"https:\/\/humanidades.uach.cl\/respaldo\/wp-json\/wp\/v2\/media?parent=517"}],"wp:term":[{"taxonomy":"category","embeddable":true,"href":"https:\/\/humanidades.uach.cl\/respaldo\/wp-json\/wp\/v2\/categories?post=517"},{"taxonomy":"post_tag","embeddable":true,"href":"https:\/\/humanidades.uach.cl\/respaldo\/wp-json\/wp\/v2\/tags?post=517"}],"curies":[{"name":"wp","href":"https:\/\/api.w.org\/{rel}","templated":true}]}}