{"id":516,"date":"2011-11-07T16:42:34","date_gmt":"2011-11-07T16:42:34","guid":{"rendered":"http:\/\/inspiracion.cl\/humanidades\/?p=516"},"modified":"2011-11-07T16:42:34","modified_gmt":"2011-11-07T16:42:34","slug":"ciclo-de-conferencias-y-lanzamiento-de-serie-audiovisual-la-escritura-entre_vista-poetas-en-dialogo","status":"publish","type":"post","link":"https:\/\/humanidades.uach.cl\/respaldo\/2011\/11\/07\/ciclo-de-conferencias-y-lanzamiento-de-serie-audiovisual-la-escritura-entre_vista-poetas-en-dialogo\/","title":{"rendered":"Ciclo de Conferencias y Lanzamiento de Serie Audiovisual LA ESCRITURA ENTRE_VISTA: Poetas en Di\u00e1logo."},"content":{"rendered":"<div id=\"tagnew_1317128850\">\n<p id=\"tagnew_1317128850_0\">Esta iniciativa es organizada por el Colectivo de Escritores &#8220;Paratopia&#8221; de Valdivia y es financiada por el Fondo de Fomento del Libro y la Lectura, convocatoria 2011, del Consejo Nacional de la Cultura y las Artes. Como preparaci\u00f3n y contextualizaci\u00f3n tem\u00e1tica del Encuentro, durante la \u00faltima semana de septiembre se realizar\u00e1n dos importantes actividades previas:<\/p>\n<p id=\"tagnew_1317128850_1\">&#8211;\u00a0\u00a0\u00a0\u00a0\u00a0\u00a0 Ciclo de charlas \u201cCap\u00edtulos de las Letras Latinoamericanas\u201d (martes 27 a partir de las 10:00 hrs, casa Luis Oyarz\u00fan, Direcci\u00f3n de Extensi\u00f3n de la Universidad Austral de Chile).<\/p>\n<p id=\"tagnew_1317128850_2\">&#8211;\u00a0\u00a0\u00a0\u00a0\u00a0\u00a0 Lanzamiento de la serie audiovisual LA ESCRITURA ENTRE_VISTA: poetas en di\u00e1logo, 2da.temporada (Alianza Francesa, Los Robles 061, Isla Teja los d\u00edas: Mi\u00e9rcoles 28 de septiembre \/ 19:30 hrs: cap 5 y 6: Roxana Miranda, Paula Ilabaca, Jaime Huen\u00fan; Viernes 30 de septiembre \/ 20: 00 hrs: cap 7 y 8: Leonardo Videla, Floridor P\u00e9rez, Enrique Winter; S\u00e1bado 1 de octubre \/ 19:30 hrs: Bruno Serrano Ilabaca, Pepe Cuevas, Teresa Calder\u00f3n).<\/p>\n<\/div>\n<div id=\"tagnew_1317128882\">\n<p id=\"tagnew_1317128882_0\">Las conferencias est\u00e1n dedicadas a la reflexi\u00f3n y di\u00e1logo sobre la literatura e identidad latinoamericanas, con especial \u00e9nfasis en las obras de algunos autores que participar\u00e1n en el Encuentro. Las exposiciones estar\u00e1n a cargo de poetas y cr\u00edticos, entre ellos: Paula Tesche, que dar\u00e1 una charla sobre la obra del narrador y poeta chileno Alejandro Zambra; Sebasti\u00e1n Figueroa, que expondr\u00e1 algunas reflexiones en torno a la obra del novelista argentino Mart\u00edn Kohan; y Bruno Serrano Navarro, quien tendr\u00e1 a su cargo un di\u00e1logo sobre los movimientos literarios latinoamericanos de postvanguardia.<\/p>\n<p id=\"tagnew_1317128882_1\">Por su parte, la serie de televisi\u00f3n \u201cLA ESCRITURA ENTRE_VISTA:\u00a0<em id=\"tagnew_1317128882_2\">\u00a0<\/em>\u00a0poetas en di\u00e1logo\u201d, consta de 6 cap\u00edtulos que tienen como ejes de atenci\u00f3n a escritores vinculados a nuestra ciudad, los que interpretan papeles alternados de entrevistados y de entrevistadores.<\/p>\n<p id=\"tagnew_1317128882_3\">El tratamiento audiovisual de los cap\u00edtulos instala el formato de la entrevista en contextos privados y p\u00fablicos, \u00a0dotando a este g\u00e9nero con din\u00e1micas que sobrepasan ampliamente la tradicional secuencia de preguntas y respuestas.\u00a0La direcci\u00f3n de la serie estuvo a cargo del realizador audiovisual Cristian M\u00e9ndez y la producci\u00f3n ejecutiva \u00a0estuvo a cargo del poeta Rodrigo Landaeta.<\/p>\n<p id=\"tagnew_1317128882_4\">Entrada liberada para todas las actividades.<\/p>\n<\/div>\n<div id=\"tag_1\"><\/div>\n","protected":false},"excerpt":{"rendered":"<p>Entre el 24 y el 30 de octubre se desarrollar\u00e1 el 4\u00b0 Encuentro Latinoamericano de Escritores, Valdivia 2011, evento que contempla la participaci\u00f3n de importantes escritores nacionales y extranjeros.<\/p>\n","protected":false},"author":1,"featured_media":520,"comment_status":"open","ping_status":"open","sticky":false,"template":"","format":"standard","meta":[],"categories":[1],"tags":[],"_links":{"self":[{"href":"https:\/\/humanidades.uach.cl\/respaldo\/wp-json\/wp\/v2\/posts\/516"}],"collection":[{"href":"https:\/\/humanidades.uach.cl\/respaldo\/wp-json\/wp\/v2\/posts"}],"about":[{"href":"https:\/\/humanidades.uach.cl\/respaldo\/wp-json\/wp\/v2\/types\/post"}],"author":[{"embeddable":true,"href":"https:\/\/humanidades.uach.cl\/respaldo\/wp-json\/wp\/v2\/users\/1"}],"replies":[{"embeddable":true,"href":"https:\/\/humanidades.uach.cl\/respaldo\/wp-json\/wp\/v2\/comments?post=516"}],"version-history":[{"count":1,"href":"https:\/\/humanidades.uach.cl\/respaldo\/wp-json\/wp\/v2\/posts\/516\/revisions"}],"predecessor-version":[{"id":523,"href":"https:\/\/humanidades.uach.cl\/respaldo\/wp-json\/wp\/v2\/posts\/516\/revisions\/523"}],"wp:featuredmedia":[{"embeddable":true,"href":"https:\/\/humanidades.uach.cl\/respaldo\/wp-json\/wp\/v2\/media\/520"}],"wp:attachment":[{"href":"https:\/\/humanidades.uach.cl\/respaldo\/wp-json\/wp\/v2\/media?parent=516"}],"wp:term":[{"taxonomy":"category","embeddable":true,"href":"https:\/\/humanidades.uach.cl\/respaldo\/wp-json\/wp\/v2\/categories?post=516"},{"taxonomy":"post_tag","embeddable":true,"href":"https:\/\/humanidades.uach.cl\/respaldo\/wp-json\/wp\/v2\/tags?post=516"}],"curies":[{"name":"wp","href":"https:\/\/api.w.org\/{rel}","templated":true}]}}