{"id":515,"date":"2011-11-07T16:42:20","date_gmt":"2011-11-07T16:42:20","guid":{"rendered":"http:\/\/inspiracion.cl\/humanidades\/?p=515"},"modified":"2011-11-07T16:42:20","modified_gmt":"2011-11-07T16:42:20","slug":"este-viernes-se-dara-inicio-a-la-conferencia-anual-de-tesolchile","status":"publish","type":"post","link":"https:\/\/humanidades.uach.cl\/respaldo\/2011\/11\/07\/este-viernes-se-dara-inicio-a-la-conferencia-anual-de-tesolchile\/","title":{"rendered":"Este Viernes se Dar\u00e1 Inicio a la Conferencia Anual de TesolChile"},"content":{"rendered":"<p id=\"tag_3_0\">El evento que congregar\u00e1 a personas ligadas a la lengua inglesa de distintos colegios y universidades del pa\u00eds, este a\u00f1o contar\u00e1 con dos presentadores invitados de la Universidad de Utah: MaryAnn Christison y Adrian Palmer, quienes hablar\u00e1n de liderazgo y evaluaci\u00f3n de habilidades.<\/p>\n<p id=\"tag_3_1\">En este encuentro adem\u00e1s, se pretende reflexionar sobre las estrategias para mejorar las habilidades ling\u00fc\u00edsticas de los estudiantes de ingl\u00e9s. Tambi\u00e9n se abordar\u00e1 la motivaci\u00f3n en el aula, el perfeccionamiento docente, metodolog\u00edas de ense\u00f1anza innovadoras y utilizaci\u00f3n de recursos audiovisuales como material aut\u00e9ntico, entre muchos otros.<\/p>\n<p id=\"tag_3_2\">TESOL \u00a0contar\u00e1 con la presencia de las principales librer\u00edas y editoriales especializadas del pa\u00eds, como la Librer\u00eda Inglesa e Imexlogic Books.<\/p>\n<p id=\"tag_3_3\">Pr\u00f3ximamente se dar\u00e1 a conocer la programaci\u00f3n del evento.<\/p>\n<h1 id=\"tag_3_4\">M\u00e1s info en\u00a0\u00a0<a id=\"tag_3_5\" href=\"http:\/\/tesolchile.cl\/welcome\/\">www.tesolchile.cl\u00a0<\/a><\/h1>\n<h1 id=\"tag_3_6\">Descargar programa\u00a0\u00a0<a id=\"tag_3_7\" href=\"http:\/\/www.humanidades.uach.cl\/admin\/filemanager_filedownload.php?ses=&amp;id=1341\">Aqu\u00ed<\/a><\/h1>\n","protected":false},"excerpt":{"rendered":"<p>Este viernes, desde las 17:30 hrs en el Aula Magna de la UACh centenares de estudiantes y profesores de ingl\u00e9s de Chile y el mundo, participar\u00e1n de la Conferencia Anual de TESOLCHILE.<br \/>\nActualizado el 28-09-2011<br \/>\nEscrito por: Carolina Angulo Bravo. Periodista. Coordinaci\u00f3n de Extensi\u00f3n Facultad de Filosof\u00eda y Humanidades UACh. promofil@uach.cl.<\/p>\n","protected":false},"author":1,"featured_media":519,"comment_status":"open","ping_status":"open","sticky":false,"template":"","format":"standard","meta":[],"categories":[1],"tags":[],"_links":{"self":[{"href":"https:\/\/humanidades.uach.cl\/respaldo\/wp-json\/wp\/v2\/posts\/515"}],"collection":[{"href":"https:\/\/humanidades.uach.cl\/respaldo\/wp-json\/wp\/v2\/posts"}],"about":[{"href":"https:\/\/humanidades.uach.cl\/respaldo\/wp-json\/wp\/v2\/types\/post"}],"author":[{"embeddable":true,"href":"https:\/\/humanidades.uach.cl\/respaldo\/wp-json\/wp\/v2\/users\/1"}],"replies":[{"embeddable":true,"href":"https:\/\/humanidades.uach.cl\/respaldo\/wp-json\/wp\/v2\/comments?post=515"}],"version-history":[{"count":2,"href":"https:\/\/humanidades.uach.cl\/respaldo\/wp-json\/wp\/v2\/posts\/515\/revisions"}],"predecessor-version":[{"id":527,"href":"https:\/\/humanidades.uach.cl\/respaldo\/wp-json\/wp\/v2\/posts\/515\/revisions\/527"}],"wp:featuredmedia":[{"embeddable":true,"href":"https:\/\/humanidades.uach.cl\/respaldo\/wp-json\/wp\/v2\/media\/519"}],"wp:attachment":[{"href":"https:\/\/humanidades.uach.cl\/respaldo\/wp-json\/wp\/v2\/media?parent=515"}],"wp:term":[{"taxonomy":"category","embeddable":true,"href":"https:\/\/humanidades.uach.cl\/respaldo\/wp-json\/wp\/v2\/categories?post=515"},{"taxonomy":"post_tag","embeddable":true,"href":"https:\/\/humanidades.uach.cl\/respaldo\/wp-json\/wp\/v2\/tags?post=515"}],"curies":[{"name":"wp","href":"https:\/\/api.w.org\/{rel}","templated":true}]}}