{"id":508,"date":"2011-11-07T16:32:37","date_gmt":"2011-11-07T16:32:37","guid":{"rendered":"http:\/\/inspiracion.cl\/humanidades\/?p=508"},"modified":"2011-11-07T16:32:37","modified_gmt":"2011-11-07T16:32:37","slug":"%e2%80%9cmoviliza2-0%e2%80%9d-una-mirada-documental-a-la-nueva-educacion","status":"publish","type":"post","link":"https:\/\/humanidades.uach.cl\/respaldo\/2011\/11\/07\/%e2%80%9cmoviliza2-0%e2%80%9d-una-mirada-documental-a-la-nueva-educacion\/","title":{"rendered":"\u201cMoviliza2.0\u201d: una mirada documental a la nueva educaci\u00f3n"},"content":{"rendered":"<div id=\"tagnew_1317655154\">\n<p id=\"tagnew_1317655154_0\">Adem\u00e1s de concentrarse en la investigaci\u00f3n y aplicaci\u00f3n de nuevos m\u00e9todos de ense\u00f1anza-aprendizaje, el proyecto busca generar espacios de trabajo para tesistas pertenecientes a diferentes \u00e1reas profesionales, tales como Pedagog\u00eda en Lenguaje y Comunicaci\u00f3n, Historia y Cs. Sociales, Ingenier\u00eda Civil en Inform\u00e1tica y Periodismo, quienes desarrollan sus estudios de t\u00edtulo en colaboraci\u00f3n con el proyecto.<\/p>\n<p id=\"tagnew_1317655154_2\">Entre ellos se destaca\u00a0 el documental que dirige la egresada en Periodismo y Comunicaci\u00f3n Social Karla Mart\u00ednez, de la Universidad Austral de Chile, cuyo trabajo ofrecer\u00e1 un retrato preocupado de reflejar la realidad de los (as) protagonistas actuales de la educaci\u00f3n. Para la egresada de Periodismo, crear un producto audiovisual sobre educaci\u00f3n e innovaci\u00f3n tecnol\u00f3gica en el contexto actual significa un gran desaf\u00edo.<\/p>\n<p id=\"tagnew_1317655154_3\">\u201cPara m\u00ed ha sido una gran reto crear una \u201cidea documental\u201d que genere un ejercicio reflexivo en los profesores y estudiantes de todo el pa\u00eds, y por qu\u00e9 no, en otros pa\u00edses con sistemas educativos similares. Hoy en d\u00eda nos encontramos en un escenario lleno de carencias y conflictos entre los principales actores de la educaci\u00f3n, la ciudadan\u00eda y el gobierno\u201d.<\/p>\n<\/div>\n<div id=\"tagnew_1317655208\">\n<p id=\"tagnew_1317655208_0\">La directora narra que la idea base del documental es situarnos frente a esta realidad y analizar de qu\u00e9 manera se puede aportar a la mejora de los aprendizajes en aula, partiendo desde la idea principal de Kelluwen: la innovaci\u00f3n tecnol\u00f3gica con herramientas de la web 2.0 en el contexto y realidad de cada espacio educativo.<\/p>\n<p id=\"tagnew_1317655208_1\">\u201cEl argumento no es mostrar que utilizando estas herramientas tecnol\u00f3gicas los problemas en la educaci\u00f3n en Chile se acabar\u00e1n, sino m\u00e1s bien, representar la l\u00f3gica de una metodolog\u00eda de ense\u00f1anza que integra una plataforma virtual, materiales ajustados al curr\u00edculo escolar, talleres de formaci\u00f3n para profesores, y lo que considero m\u00e1s importante, la relaci\u00f3n de horizontalidad entre compa\u00f1eros y profesor gu\u00eda\u201d.<\/p>\n<p id=\"tagnew_1317655208_2\">Seg\u00fan la tesista todos estos factores tienen gran influencia en la motivaci\u00f3n por aprender,\u00a0 y el hecho de que est\u00e9n presentes en Kelluwen, hacen que este proyecto de innovaci\u00f3n sea valorado por quienes participan en \u00e9l\u201d.<\/p>\n<p id=\"tagnew_1317655208_3\">Los invitamos a ver el tr\u00e1iler del documental \u201cMoviliza2.0\u201d.<\/p>\n<p id=\"tagnew_1317655208_4\"><a id=\"tagnew_1317655208_5\" href=\"http:\/\/vimeo.com\/29747236\">http:\/\/vimeo.com\/29747236<\/a><\/p>\n<\/div>\n","protected":false},"excerpt":{"rendered":"<p>En septiembre no s\u00f3lo llega la primavera, sino tambi\u00e9n las ganas de crear. Desde octubre el equipo Kelluwen ejecutar\u00e1 la cuarta etapa de innovaci\u00f3n educativa en los establecimientos que forman parte de la red Kelluwen, proceso que se une a la creaci\u00f3n de un documental que busca dar a conocer el contexto socioeducativo de los estudiantes chilenos y las TIC.<\/p>\n","protected":false},"author":1,"featured_media":510,"comment_status":"open","ping_status":"open","sticky":false,"template":"","format":"standard","meta":[],"categories":[1],"tags":[],"_links":{"self":[{"href":"https:\/\/humanidades.uach.cl\/respaldo\/wp-json\/wp\/v2\/posts\/508"}],"collection":[{"href":"https:\/\/humanidades.uach.cl\/respaldo\/wp-json\/wp\/v2\/posts"}],"about":[{"href":"https:\/\/humanidades.uach.cl\/respaldo\/wp-json\/wp\/v2\/types\/post"}],"author":[{"embeddable":true,"href":"https:\/\/humanidades.uach.cl\/respaldo\/wp-json\/wp\/v2\/users\/1"}],"replies":[{"embeddable":true,"href":"https:\/\/humanidades.uach.cl\/respaldo\/wp-json\/wp\/v2\/comments?post=508"}],"version-history":[{"count":1,"href":"https:\/\/humanidades.uach.cl\/respaldo\/wp-json\/wp\/v2\/posts\/508\/revisions"}],"predecessor-version":[{"id":513,"href":"https:\/\/humanidades.uach.cl\/respaldo\/wp-json\/wp\/v2\/posts\/508\/revisions\/513"}],"wp:featuredmedia":[{"embeddable":true,"href":"https:\/\/humanidades.uach.cl\/respaldo\/wp-json\/wp\/v2\/media\/510"}],"wp:attachment":[{"href":"https:\/\/humanidades.uach.cl\/respaldo\/wp-json\/wp\/v2\/media?parent=508"}],"wp:term":[{"taxonomy":"category","embeddable":true,"href":"https:\/\/humanidades.uach.cl\/respaldo\/wp-json\/wp\/v2\/categories?post=508"},{"taxonomy":"post_tag","embeddable":true,"href":"https:\/\/humanidades.uach.cl\/respaldo\/wp-json\/wp\/v2\/tags?post=508"}],"curies":[{"name":"wp","href":"https:\/\/api.w.org\/{rel}","templated":true}]}}