{"id":507,"date":"2011-11-07T16:32:52","date_gmt":"2011-11-07T16:32:52","guid":{"rendered":"http:\/\/inspiracion.cl\/humanidades\/?p=507"},"modified":"2011-11-07T16:32:52","modified_gmt":"2011-11-07T16:32:52","slug":"400-profesores-y-estudiantes-participaron-en-conferencia-anual-de-tesol-en-la-uach","status":"publish","type":"post","link":"https:\/\/humanidades.uach.cl\/respaldo\/2011\/11\/07\/400-profesores-y-estudiantes-participaron-en-conferencia-anual-de-tesol-en-la-uach\/","title":{"rendered":"400 Profesores y Estudiantes Participaron en Conferencia Anual de Tesol en la UACh"},"content":{"rendered":"<div id=\"tagnew_1317668821\">\n<p id=\"tagnew_1317668821_4\">TESOL<\/p>\n<\/div>\n<div id=\"tagnew_1317668597\">\n<p id=\"tagnew_1317668597_0\">Con la presencia de 400 profesores y estudiantes se realiz\u00f3 en el Campus Isla Teja de nuestra Universidad la conferencia anual de TesolChile entre los d\u00edas 30 de septiembre, 1 y 2 de octubre.<\/p>\n<p id=\"tagnew_1317668597_1\">Tesol es una organizaci\u00f3n internacional con sede en Chile que busca determinar est\u00e1ndares de aprendizaje, organizar conferencias, publicaci\u00f3n de art\u00edculos, ventas de libros y un sinn\u00famero de otras actividades que unen a\u00a0los profesores de ingl\u00e9s para discutir los temas principales de esta \u00e1rea, sobre todo los m\u00e1s controversiales.<\/p>\n<p id=\"tagnew_1317668597_2\">Este a\u00f1o, la actividad cont\u00f3 con la presencia de dos presentadores invitados de la Universidad de Utah: MaryAnn Christison y Adrian Palmer, quienes hablaron de liderazgo y evaluaci\u00f3n de habilidades.<\/p>\n<\/div>\n<div id=\"tagnew_1317668877\">\n<ul id=\"tagnew_1317668877_2\">\n<li id=\"tagnew_1317668877_3\"><img id=\"tagnew_1317668877_4\" src=\"http:\/\/humanidades.uach.cl\/respaldo\/show_media.php?id=1375&amp;version=1\" alt=\"image\" \/>TESOL<\/li>\n<li id=\"tagnew_1317668877_6\"><img id=\"tagnew_1317668877_7\" src=\"http:\/\/humanidades.uach.cl\/respaldo\/show_media.php?id=1376&amp;version=1\" alt=\"image\" \/>TESOL<\/li>\n<\/ul>\n<\/div>\n<div id=\"tagnew_1317668622\">\n<p id=\"tagnew_1317668622_0\"><strong id=\"tagnew_1317668622_1\">Evento descentralizado<\/strong><\/p>\n<p id=\"tagnew_1317668622_2\">Una de las organizadoras del encuentro, la profesora del Instituto de Ling\u00fc\u00edstica y Literatura (Facultad de Filosof\u00eda y Humanidades), Andrea Lizasoain, explic\u00f3 que \u00e9sta es una reuni\u00f3n que se realiza todos los a\u00f1os y en la que participan profesores de ingl\u00e9s de Chile.<\/p>\n<p id=\"tagnew_1317668622_3\">&#8220;Se re\u00fanen desde 1997 y a partir del 2007 han tratado de organizar las conferencias en un lugar que no sea Santiago y este a\u00f1o le toc\u00f3 a Valdivia&#8221;, agreg\u00f3.<\/p>\n<p id=\"tagnew_1317668622_4\">Su colega Yasna Yilorm -tambi\u00e9n a cargo de la organizaci\u00f3n- se\u00f1al\u00f3 que la actividad est\u00e1 enmarcada en los movimientos sociales que est\u00e1n ocurriendo hoy en d\u00eda y que se relacionan con la calidad de ense\u00f1anza.<\/p>\n<p id=\"tagnew_1317668622_5\"><strong id=\"tagnew_1317668622_6\">Palabras de las autoridades<\/strong><\/p>\n<p id=\"tagnew_1317668622_7\">Durante la inauguraci\u00f3n realizada el viernes, el Vicerrector Acad\u00e9mico Dr. \u00d3scar Galindo destac\u00f3 que este encuentro destaca la idea del profesor como agente de cambio, de innovaci\u00f3n, gestor y l\u00edder de procesos educativos, lo cual se relaciona con las tareas pendientes en esta materia a nivel pa\u00eds.<\/p>\n<p id=\"tagnew_1317668622_8\">El Vicerrector a\u00f1adi\u00f3 que estas actividades permiten generar espacios de asociaci\u00f3n y vinculaci\u00f3n, lazos que permanecen en el tiempo.<\/p>\n<p id=\"tagnew_1317668622_9\">Por su parte, la Presidenta de Tesol Chile, Mary Jane Abrahams, en conversaci\u00f3n con &#8220;Noticias UACh&#8221; destac\u00f3 que &#8220;Valdivia tuvo durante muchos a\u00f1os una de las mejores carreras de pedagog\u00eda en ingl\u00e9s de Chile y esto es como rendirle homenaje a lo que fue y lo que esperamos que est\u00e9 siendo y sea&#8221;.<\/p>\n<p id=\"tagnew_1317668622_10\">Cabe se\u00f1alar que en la ceremonia hubo una aplaudida interpretaci\u00f3n musical a cargo del grupo &#8220;Burdiles&#8221;, integrado por estudiantes de Pedagog\u00eda en Ingl\u00e9s de nuestra Universidad.<\/p>\n<p id=\"tagnew_1317668622_11\">M\u00e1s informaci\u00f3n en tesolchile.cl<\/p>\n<p id=\"tagnew_1317668622_12\"><em id=\"tagnew_1317668622_13\">\u00a0<\/em><\/p>\n<\/div>\n","protected":false},"excerpt":{"rendered":"<p>Los docentes, que trabajan desde la educaci\u00f3n preescolar hasta universitaria, vinieron de Arica a Punta Arenas. Adem\u00e1s hubo invitados de Per\u00fa, Argentina, Estados Unidos y Sud\u00e1frica.<\/p>\n","protected":false},"author":1,"featured_media":509,"comment_status":"open","ping_status":"open","sticky":false,"template":"","format":"standard","meta":[],"categories":[1],"tags":[],"_links":{"self":[{"href":"https:\/\/humanidades.uach.cl\/respaldo\/wp-json\/wp\/v2\/posts\/507"}],"collection":[{"href":"https:\/\/humanidades.uach.cl\/respaldo\/wp-json\/wp\/v2\/posts"}],"about":[{"href":"https:\/\/humanidades.uach.cl\/respaldo\/wp-json\/wp\/v2\/types\/post"}],"author":[{"embeddable":true,"href":"https:\/\/humanidades.uach.cl\/respaldo\/wp-json\/wp\/v2\/users\/1"}],"replies":[{"embeddable":true,"href":"https:\/\/humanidades.uach.cl\/respaldo\/wp-json\/wp\/v2\/comments?post=507"}],"version-history":[{"count":1,"href":"https:\/\/humanidades.uach.cl\/respaldo\/wp-json\/wp\/v2\/posts\/507\/revisions"}],"predecessor-version":[{"id":514,"href":"https:\/\/humanidades.uach.cl\/respaldo\/wp-json\/wp\/v2\/posts\/507\/revisions\/514"}],"wp:featuredmedia":[{"embeddable":true,"href":"https:\/\/humanidades.uach.cl\/respaldo\/wp-json\/wp\/v2\/media\/509"}],"wp:attachment":[{"href":"https:\/\/humanidades.uach.cl\/respaldo\/wp-json\/wp\/v2\/media?parent=507"}],"wp:term":[{"taxonomy":"category","embeddable":true,"href":"https:\/\/humanidades.uach.cl\/respaldo\/wp-json\/wp\/v2\/categories?post=507"},{"taxonomy":"post_tag","embeddable":true,"href":"https:\/\/humanidades.uach.cl\/respaldo\/wp-json\/wp\/v2\/tags?post=507"}],"curies":[{"name":"wp","href":"https:\/\/api.w.org\/{rel}","templated":true}]}}