{"id":506,"date":"2011-11-07T16:32:23","date_gmt":"2011-11-07T16:32:23","guid":{"rendered":"http:\/\/inspiracion.cl\/humanidades\/?p=506"},"modified":"2011-11-07T16:32:23","modified_gmt":"2011-11-07T16:32:23","slug":"exitoso-preestreno-de-la-obra-arturo-y-el-angel","status":"publish","type":"post","link":"https:\/\/humanidades.uach.cl\/respaldo\/2011\/11\/07\/exitoso-preestreno-de-la-obra-arturo-y-el-angel\/","title":{"rendered":"Exitoso Preestreno de la Obra &#8220;Arturo y el \u00c1ngel&#8221;"},"content":{"rendered":"<div>\n<div id=\"contenido_item\">\n<div>\n<div>\n<div id=\"tag_2\">\n<p id=\"tag_2_0\">Esta actividad se enmarca dentro del proyecto de estudiantes de la carrera de Pedagog\u00eda en Lenguaje y Comunicaci\u00f3n \u201cEl Maestro Vuelve con su \u00c1ngel\u201d, financiado por la Coordinaci\u00f3n de Extensi\u00f3n de la Facultad de Filosof\u00eda y Humanidades.<\/p>\n<p id=\"tag_2_1\">La obra que tiene\u00a0 nueve\u00a0 actores en escena es dirigida por el Profesor del Instituto de Ling\u00fc\u00edstica y Literatura Roberto Matamala, quien se mostr\u00f3 muy contento por el resultado del montaje, destacando el trabajo de los estudiantes.<\/p>\n<p id=\"tag_2_2\">\u201cLos chicos han hecho un trabajo magnifico, estoy muy orgulloso de lo que han logrado en t\u00e9rminos actorales como estudiantes universitarios. Yo creo que van a tener una muy buena recepci\u00f3n en la itinerancia porque el montaje funciona, capta muy bien la atenci\u00f3n del p\u00fablico, muestra la rebeld\u00eda y amor a lo que son nuestros valores\u201d expres\u00f3.<\/p>\n<p id=\"tag_2_3\">Por otra parte, Ruth Marina Belmar, Productora Ejecutiva de la obra y Directora del proyecto se\u00f1al\u00f3 que el principal objetivo de esta itinerancia es dar homenaje a Jaime Silva, y llevar el Teatro a diferentes localidades rurales, para llegar \u00a0a la mayor cantidad de gente posible.<\/p>\n<p id=\"tag_2_4\">\u201cEstamos muy contentos con el resultado del preestreno lleg\u00f3 mucha gente, y se le ve contenta, como equipo esperamos seguir la idea de Jaime Silva, es decir, hacer teatro al alcance de todos. El texto es contingente, respecto a lo que hoy en d\u00eda est\u00e1 ocurriendo en el pa\u00eds, al representar papeles a ni\u00f1os de localidades rurales\u201d indic\u00f3.<\/p>\n<p id=\"tag_2_5\">\u00a0\u201cArturo y el \u00c1ngel\u201d se presentar\u00e1 en comunas como Mafil, Rio Bueno y Los Lagos, y har\u00e1 su estreno el lunes 14 de octubre a las 19:30hrs en el Auditorio Santiago Santana, Departamento de Cultura en Paillaco.<\/p>\n<p id=\"tag_2_6\">Este proyecto cuenta con el patrocinio del Instituto de Ling\u00fc\u00edstica y Literatura, la Escuela de Lenguaje y Comunicaci\u00f3n y la Compa\u00f1\u00eda de Teatro Peque\u00f1a Isla de la UACh.<\/p>\n<\/div>\n<div id=\"tag_3\"><img id=\"tag_3_0\" src=\"http:\/\/humanidades.uach.cl\/respaldo\/show_media.php?id=1370&amp;version=1\" alt=\"image\" \/><\/div>\n<\/div>\n<\/div>\n<\/div>\n<\/div>\n<p><span class=\"Apple-style-span\" style=\"font-size: 26px;\"><strong><br \/>\n<\/strong><\/span><\/p>\n","protected":false},"excerpt":{"rendered":"<p>Con una gran cantidad de p\u00fablico, el jueves 29 de septiembre a las 19:00hrs en la sala multiexpresi\u00f3n se realiz\u00f3 el preestreno de la obra \u201cArturo y el \u00c1ngel\u201d en homenaje al fallecido dramaturgo chileno Jaime Silva.<\/p>\n","protected":false},"author":1,"featured_media":511,"comment_status":"open","ping_status":"open","sticky":false,"template":"","format":"standard","meta":[],"categories":[1],"tags":[],"_links":{"self":[{"href":"https:\/\/humanidades.uach.cl\/respaldo\/wp-json\/wp\/v2\/posts\/506"}],"collection":[{"href":"https:\/\/humanidades.uach.cl\/respaldo\/wp-json\/wp\/v2\/posts"}],"about":[{"href":"https:\/\/humanidades.uach.cl\/respaldo\/wp-json\/wp\/v2\/types\/post"}],"author":[{"embeddable":true,"href":"https:\/\/humanidades.uach.cl\/respaldo\/wp-json\/wp\/v2\/users\/1"}],"replies":[{"embeddable":true,"href":"https:\/\/humanidades.uach.cl\/respaldo\/wp-json\/wp\/v2\/comments?post=506"}],"version-history":[{"count":1,"href":"https:\/\/humanidades.uach.cl\/respaldo\/wp-json\/wp\/v2\/posts\/506\/revisions"}],"predecessor-version":[{"id":512,"href":"https:\/\/humanidades.uach.cl\/respaldo\/wp-json\/wp\/v2\/posts\/506\/revisions\/512"}],"wp:featuredmedia":[{"embeddable":true,"href":"https:\/\/humanidades.uach.cl\/respaldo\/wp-json\/wp\/v2\/media\/511"}],"wp:attachment":[{"href":"https:\/\/humanidades.uach.cl\/respaldo\/wp-json\/wp\/v2\/media?parent=506"}],"wp:term":[{"taxonomy":"category","embeddable":true,"href":"https:\/\/humanidades.uach.cl\/respaldo\/wp-json\/wp\/v2\/categories?post=506"},{"taxonomy":"post_tag","embeddable":true,"href":"https:\/\/humanidades.uach.cl\/respaldo\/wp-json\/wp\/v2\/tags?post=506"}],"curies":[{"name":"wp","href":"https:\/\/api.w.org\/{rel}","templated":true}]}}