{"id":496,"date":"2011-11-07T16:25:10","date_gmt":"2011-11-07T16:25:10","guid":{"rendered":"http:\/\/inspiracion.cl\/humanidades\/?p=496"},"modified":"2011-11-07T16:26:17","modified_gmt":"2011-11-07T16:26:17","slug":"escuela-de-periodismo-dio-inicio-a-3er-programa-especial-de-titulacion","status":"publish","type":"post","link":"https:\/\/humanidades.uach.cl\/respaldo\/2011\/11\/07\/escuela-de-periodismo-dio-inicio-a-3er-programa-especial-de-titulacion\/","title":{"rendered":"Escuela de Periodismo dio Inicio a 3er Programa Especial de Titulaci\u00f3n"},"content":{"rendered":"<div id=\"tag_2\">\n<p id=\"tag_2_1\">Juan Domingo Ram\u00edrez, \u00a0profesor de la carrera de Periodismo y Coordinador del programa expres\u00f3 que debido a lo poco flexible de algunas mallas curriculares la tesis se vuelve un gran problema para los estudiantes de pregrado.<\/p>\n<p id=\"tag_2_2\">\u201cEl no t\u00e9rmino de la tesis es un problema real por el que pasan una gran cantidad de carreras universitarias que no contemplan a la tesis dentro de sus mallas curriculares. La antigua malla curricular de la carrera de Periodismo ten\u00eda este inconveniente, dado que las asignaturas lectivas terminaban al 5to a\u00f1o, y las tesis quedaban fuera de este periodo, la duraci\u00f3n de la carrera en t\u00e9rminos reales era de aproximadamente 7a\u00f1os, e incluso m\u00e1s\u201d expres\u00f3.<\/p>\n<p id=\"tag_2_3\">Seg\u00fan el acad\u00e9mico, cuando se comienza a implementar la nueva malla curricular de la carrera de Periodismo en el a\u00f1o 2006 se consideran nuevas opciones de t\u00edtulo y se agiliza la titulaci\u00f3n, esto, porque los estudiantes pueden optar por hacer una tesis de investigaci\u00f3n o la creaci\u00f3n de un producto en un proyecto de t\u00edtulo. Adem\u00e1s en el noveno y d\u00e9cimo semestre se contemplan evaluaciones por avance en los trabajos de investigaci\u00f3n.<\/p>\n<\/div>\n<div id=\"tag_3\">\n<p id=\"tag_3_0\">El profesor Juan Domingo Ram\u00edrez, a\u00f1adi\u00f3 que este tipo de programas busca formalizar la titulaci\u00f3n de los estudiantes egresados que se encuentren desempe\u00f1ando labores vinculadas a la comunicaci\u00f3n en instituciones p\u00fablicas o privadas.<\/p>\n<p id=\"tag_3_1\">\u201cDentro de los estudiantes matriculados en las distintas versiones del programa \u00a0hay una gama bastante variada de experiencias laborales, tenemos gente que viene de medios de comunicaci\u00f3n, ejercicio privado de la profesi\u00f3n, administraci\u00f3n en instituciones p\u00fablicas. Efectivamente hay pruebas de que ejercen el periodismo con mucha calidad y responsabilidad\u201d indic\u00f3.<\/p>\n<p id=\"tag_3_2\"><strong id=\"tag_3_3\">3er Programa Especial de Titulaci\u00f3n<\/strong><\/p>\n<p id=\"tag_3_4\">Para este a\u00f1o, se concret\u00f3 la matr\u00edcula de 18 estudiantes egresados antes del a\u00f1o 2008, los que \u00a0durante un semestre realizaran un trabajo semipresencial de sistematizaci\u00f3n de demandas laborales, guiados por profesores del Instituto de Comunicaci\u00f3n Social.<\/p>\n<p id=\"tag_3_5\">El profesor a\u00f1adi\u00f3 que el proyecto de titulaci\u00f3n de este grupo de estudiantes est\u00e1 enfocado en la sistematizaci\u00f3n de demandas laborales porque les permite reflexionar sobre sus experiencias en distintas organizaciones, evaluando variables de desempe\u00f1o.<\/p>\n<p id=\"tag_3_6\">\u201cPara nosotros como escuela es muy beneficioso desarrollar este tipo de programas, ya que este trabajo en conjunto con los alumnos nos permite saber c\u00f3mo es la recepci\u00f3n de nuestros profesionales egresados en el medio laboral, c\u00f3mo se han desarrollado, cu\u00e1les son sus potencialidades y en qu\u00e9 contenidos debemos hacer \u00e9nfasis en su formaci\u00f3n\u201d finaliz\u00f3.<\/p>\n<\/div>\n","protected":false},"excerpt":{"rendered":"<p>Luego de dos exitosos programas especiales de titulaci\u00f3n en los a\u00f1os 2006 y 2008, la Escuela de Periodismo de la UACh dio inicio el pasado fin de semana al 3er Programa Especial de Titulaci\u00f3n para estudiantes egresados.<br \/>\nActualizado el 07-10-2011<br \/>\nEscrito por: Carolina Angulo Bravo. Periodista. Coordinaci\u00f3n Facultad de Filosof\u00eda y Humanidades. promofil@uach.cl.<\/p>\n","protected":false},"author":1,"featured_media":498,"comment_status":"open","ping_status":"open","sticky":false,"template":"","format":"standard","meta":[],"categories":[1],"tags":[],"_links":{"self":[{"href":"https:\/\/humanidades.uach.cl\/respaldo\/wp-json\/wp\/v2\/posts\/496"}],"collection":[{"href":"https:\/\/humanidades.uach.cl\/respaldo\/wp-json\/wp\/v2\/posts"}],"about":[{"href":"https:\/\/humanidades.uach.cl\/respaldo\/wp-json\/wp\/v2\/types\/post"}],"author":[{"embeddable":true,"href":"https:\/\/humanidades.uach.cl\/respaldo\/wp-json\/wp\/v2\/users\/1"}],"replies":[{"embeddable":true,"href":"https:\/\/humanidades.uach.cl\/respaldo\/wp-json\/wp\/v2\/comments?post=496"}],"version-history":[{"count":4,"href":"https:\/\/humanidades.uach.cl\/respaldo\/wp-json\/wp\/v2\/posts\/496\/revisions"}],"predecessor-version":[{"id":503,"href":"https:\/\/humanidades.uach.cl\/respaldo\/wp-json\/wp\/v2\/posts\/496\/revisions\/503"}],"wp:featuredmedia":[{"embeddable":true,"href":"https:\/\/humanidades.uach.cl\/respaldo\/wp-json\/wp\/v2\/media\/498"}],"wp:attachment":[{"href":"https:\/\/humanidades.uach.cl\/respaldo\/wp-json\/wp\/v2\/media?parent=496"}],"wp:term":[{"taxonomy":"category","embeddable":true,"href":"https:\/\/humanidades.uach.cl\/respaldo\/wp-json\/wp\/v2\/categories?post=496"},{"taxonomy":"post_tag","embeddable":true,"href":"https:\/\/humanidades.uach.cl\/respaldo\/wp-json\/wp\/v2\/tags?post=496"}],"curies":[{"name":"wp","href":"https:\/\/api.w.org\/{rel}","templated":true}]}}