{"id":486,"date":"2011-11-07T16:18:12","date_gmt":"2011-11-07T16:18:12","guid":{"rendered":"http:\/\/inspiracion.cl\/humanidades\/?p=486"},"modified":"2011-11-07T16:20:22","modified_gmt":"2011-11-07T16:20:22","slug":"profesores-de-la-escuela-de-periodismo-participan-en-publicacion-isi-2","status":"publish","type":"post","link":"https:\/\/humanidades.uach.cl\/respaldo\/2011\/11\/07\/profesores-de-la-escuela-de-periodismo-participan-en-publicacion-isi-2\/","title":{"rendered":"Profesores de la Escuela de Periodismo Participan en Publicaci\u00f3n ISI"},"content":{"rendered":"<div id=\"tag_1\">\n<p id=\"tag_1_0\">Se trata de la publicaci\u00f3n del art\u00edculo \u201cPropuesta te\u00f3rico-metodol\u00f3gica para un an\u00e1lisis cr\u00edtico y complejo del discurso en la prensa de Chile y Per\u00fa\u201d, ubicado en el primer lugar del sumario, preparado por\u00a0\u00a0los acad\u00e9micos Rodrigo Browne, Julio Carvajal y Alex Inzunza. Junto con ellos participan del art\u00edculo los acad\u00e9micos Carlos del Valle de la Universidad de la Frontera y V\u00edctor Silva de la Universidad de Playa Ancha.<\/p>\n<p id=\"tag_1_2\">Cabe consignar que esta publicaci\u00f3n es una de las escasas revistas en espa\u00f1ol\u00a0\u00a0consignada por el cat\u00e1logo\u00a0\u00a0Institute for Scientific Information (ISI). El trabajo de los profesores de la Escuela de Periodismo, adem\u00e1s forma parte de proyectos de investigaci\u00f3n Fondecyt y de la Direcci\u00f3n de Investigaci\u00f3n y Desarrollo de la Universidad Austral de Chile.<\/p>\n<p id=\"tag_1_3\">La publicaci\u00f3n y art\u00edculo respectivo se encuentra en el sitio:\u00a0\u00a0\u00a0<a id=\"tag_1_4\" href=\"http:\/\/www.ucm.es\/info\/emp\/Portad_0.htm\" target=\"_blank\">http:\/\/www.ucm.es\/info\/emp\/Portad_0.htm<\/a><\/p>\n<\/div>\n","protected":false},"excerpt":{"rendered":"<p>La prestigiosa revista \u201cEstudios del Mensaje Period\u00edstico\u201d, editada por la Universidad Complutense de Madrid, destaca en su \u00faltima edici\u00f3n 2011 un trabajo de investigaci\u00f3n  de un conjunto de acad\u00e9micos de la Escuela de Periodismo de la Universidad Austral de Chile.<\/p>\n","protected":false},"author":1,"featured_media":488,"comment_status":"open","ping_status":"open","sticky":false,"template":"","format":"standard","meta":[],"categories":[1],"tags":[],"_links":{"self":[{"href":"https:\/\/humanidades.uach.cl\/respaldo\/wp-json\/wp\/v2\/posts\/486"}],"collection":[{"href":"https:\/\/humanidades.uach.cl\/respaldo\/wp-json\/wp\/v2\/posts"}],"about":[{"href":"https:\/\/humanidades.uach.cl\/respaldo\/wp-json\/wp\/v2\/types\/post"}],"author":[{"embeddable":true,"href":"https:\/\/humanidades.uach.cl\/respaldo\/wp-json\/wp\/v2\/users\/1"}],"replies":[{"embeddable":true,"href":"https:\/\/humanidades.uach.cl\/respaldo\/wp-json\/wp\/v2\/comments?post=486"}],"version-history":[{"count":3,"href":"https:\/\/humanidades.uach.cl\/respaldo\/wp-json\/wp\/v2\/posts\/486\/revisions"}],"predecessor-version":[{"id":493,"href":"https:\/\/humanidades.uach.cl\/respaldo\/wp-json\/wp\/v2\/posts\/486\/revisions\/493"}],"wp:featuredmedia":[{"embeddable":true,"href":"https:\/\/humanidades.uach.cl\/respaldo\/wp-json\/wp\/v2\/media\/488"}],"wp:attachment":[{"href":"https:\/\/humanidades.uach.cl\/respaldo\/wp-json\/wp\/v2\/media?parent=486"}],"wp:term":[{"taxonomy":"category","embeddable":true,"href":"https:\/\/humanidades.uach.cl\/respaldo\/wp-json\/wp\/v2\/categories?post=486"},{"taxonomy":"post_tag","embeddable":true,"href":"https:\/\/humanidades.uach.cl\/respaldo\/wp-json\/wp\/v2\/tags?post=486"}],"curies":[{"name":"wp","href":"https:\/\/api.w.org\/{rel}","templated":true}]}}