{"id":485,"date":"2011-11-07T16:18:07","date_gmt":"2011-11-07T16:18:07","guid":{"rendered":"http:\/\/inspiracion.cl\/humanidades\/?p=485"},"modified":"2011-11-07T16:18:49","modified_gmt":"2011-11-07T16:18:49","slug":"el-matrimonio-de-un-mismo-genero-un-derecho-no-una-oportunidad-2","status":"publish","type":"post","link":"https:\/\/humanidades.uach.cl\/respaldo\/2011\/11\/07\/el-matrimonio-de-un-mismo-genero-un-derecho-no-una-oportunidad-2\/","title":{"rendered":"El Matrimonio de un Mismo g\u00e9nero: Un Derecho No Una Oportunidad"},"content":{"rendered":"<div id=\"tag_3\">\n<p id=\"tag_3_0\">Kena Lorenzini, fot\u00f3grafa, psic\u00f3loga, feminista, ganadora del Premio Altazor 2010 y Vicepresidenta Directorio Corporaci\u00f3n Humanas, se\u00f1al\u00f3 en esta oportunidad que \u201cel matrimonio entre homosexuales no es una oportunidad sino un derecho, que tiene alguien como cualquier persona normal, y que los medios quieren encasillarnos (\u2026) he escuchado algo que va m\u00e1s all\u00e1 de la an\u00e9cdota, que Chile es uno de los pocos pa\u00edses que hace el cambio de sexo, porque es la \u00fanica manera de asegurar a aquellas personas de sexualidad indefinida de una vez por todas tenga una sexualidad fija\u201d.<\/p>\n<p id=\"tag_3_2\">En el evento la Dra. Yanira Z\u00fa\u00f1iga, Profesora de Derecho Internacional P\u00fablico y Derecho Constitucional de la Facultad de Ciencias Jur\u00eddicas y Sociales, expuso sobre &#8221;\u00a0<em id=\"tag_3_3\">Justicia, igualdad y diversidad sexual. Una conexi\u00f3n necesaria<\/em>\u00a0&#8220;, mientras que Lorenzini, present\u00f3 un trabajo titulado &#8220;Los proyectos para dar legalidad a las uniones de hecho entre personas de la diversidad sexual: Una Encrucijada\u201d.<\/p>\n<\/div>\n<div id=\"tag_5\">\n<p id=\"tag_5_0\">Pedro Mu\u00f1oz, Coordinador General de Valdiversa, se\u00f1al\u00f3 que \u201cla universidad es un entorno privilegiado para poder ense\u00f1ar y educar a la comunidad universitaria misma, en el tema de la diversidad sexual. Creo que la universidad puede fomentar a las actividades que hemos realizado hoy e implementar de alguna forma pol\u00edtica y directrices a trav\u00e9s de rector\u00eda que inciten el respeto a las diversidades sexuales\u201d.<\/p>\n<p id=\"tag_5_1\">La actividad concluy\u00f3 con una exposici\u00f3n fotogr\u00e1fica de la Marcha por la Diversidad, que se realiz\u00f3 en Santiago el pasado s\u00e1bado 1 de Octubre, de Lorenzini y posteriormente se dio un tiempo de preguntas libres al p\u00fablico.<\/p>\n<\/div>\n","protected":false},"excerpt":{"rendered":"<p>La actividad organizada por la Uni\u00f3n Valdiviana por la Diversidad Sexual, Valdiversa, tuvo gran cantidad de p\u00fablico, cont\u00f3 con la participaci\u00f3n de la Dra. Yanira Zu\u00f1iga y la feminista Kena Lorenzini, quienes abordaron temas referentes a la conformaci\u00f3n del n\u00facleo familiar entre parejas de una misma condici\u00f3n sexual, tanto desde una perspectiva judicial, como desde una visi\u00f3n m\u00e1s social, puntualizando el hecho de que hoy en d\u00eda las personas homosexuales llevan una vida particular que no se diferencia de la del resto de la poblaci\u00f3n heterosexual.<\/p>\n","protected":false},"author":1,"featured_media":487,"comment_status":"open","ping_status":"open","sticky":false,"template":"","format":"standard","meta":[],"categories":[1],"tags":[],"_links":{"self":[{"href":"https:\/\/humanidades.uach.cl\/respaldo\/wp-json\/wp\/v2\/posts\/485"}],"collection":[{"href":"https:\/\/humanidades.uach.cl\/respaldo\/wp-json\/wp\/v2\/posts"}],"about":[{"href":"https:\/\/humanidades.uach.cl\/respaldo\/wp-json\/wp\/v2\/types\/post"}],"author":[{"embeddable":true,"href":"https:\/\/humanidades.uach.cl\/respaldo\/wp-json\/wp\/v2\/users\/1"}],"replies":[{"embeddable":true,"href":"https:\/\/humanidades.uach.cl\/respaldo\/wp-json\/wp\/v2\/comments?post=485"}],"version-history":[{"count":3,"href":"https:\/\/humanidades.uach.cl\/respaldo\/wp-json\/wp\/v2\/posts\/485\/revisions"}],"predecessor-version":[{"id":491,"href":"https:\/\/humanidades.uach.cl\/respaldo\/wp-json\/wp\/v2\/posts\/485\/revisions\/491"}],"wp:featuredmedia":[{"embeddable":true,"href":"https:\/\/humanidades.uach.cl\/respaldo\/wp-json\/wp\/v2\/media\/487"}],"wp:attachment":[{"href":"https:\/\/humanidades.uach.cl\/respaldo\/wp-json\/wp\/v2\/media?parent=485"}],"wp:term":[{"taxonomy":"category","embeddable":true,"href":"https:\/\/humanidades.uach.cl\/respaldo\/wp-json\/wp\/v2\/categories?post=485"},{"taxonomy":"post_tag","embeddable":true,"href":"https:\/\/humanidades.uach.cl\/respaldo\/wp-json\/wp\/v2\/tags?post=485"}],"curies":[{"name":"wp","href":"https:\/\/api.w.org\/{rel}","templated":true}]}}