{"id":474,"date":"2011-11-07T16:06:50","date_gmt":"2011-11-07T16:06:50","guid":{"rendered":"http:\/\/inspiracion.cl\/humanidades\/?p=474"},"modified":"2011-11-07T16:11:44","modified_gmt":"2011-11-07T16:11:44","slug":"importante-encuentro-internacional-chileno-de-semiotica-en-la-uach","status":"publish","type":"post","link":"https:\/\/humanidades.uach.cl\/respaldo\/2011\/11\/07\/importante-encuentro-internacional-chileno-de-semiotica-en-la-uach\/","title":{"rendered":"Importante Encuentro Internacional Chileno de Semi\u00f3tica en la UACh"},"content":{"rendered":"<p>Congreso Semiotica<\/p>\n<div>\n<div>\n<div id=\"tag_2\">\n<p id=\"tag_2_0\">* Cuenta con cinco conferencistas del extranjero (Espa\u00f1a, Francia y Bolivia), y con veintid\u00f3s simposios, con un total de ciento noventa y dos ponencias provenientes, no s\u00f3lo de Chile, sino tambi\u00e9n de Argentina, B\u00e9lgica, Brasil, Colombia, Ecuador, Espa\u00f1a, Estonia, M\u00e9xico, Suiza, Rusia y Venezuela. Dichas caracter\u00edsticas convierten a este congreso en el m\u00e1s importante de la historia de la Asociaci\u00f3n Chilena de Semi\u00f3tica.<\/p>\n<\/div>\n<div id=\"tag_3\">\n<p id=\"tag_3_0\">Entre los d\u00edas jueves 13, viernes 14 y s\u00e1bado 15 de octubre se est\u00e1 llevando a cabo en la Facultad de Filosof\u00eda y Humanidades de nuestra Universidad (Campus Isla Teja) el VII Congreso Internacional Chileno de Semi\u00f3tica, que este a\u00f1o su propuesta es una mirada reflexiva, de autorreconocimiento, que hurga en la actividad significante de su campo (multi\/inter\/in)disciplinario y las respuestas tentativas a las interrogantes de la propia identidad.<\/p>\n<p id=\"tag_3_1\">Este encuentro acad\u00e9mico es organizado por la Asociaci\u00f3n Chilena de Semi\u00f3tica, la Escuela de Graduados y el Instituto de Comunicaci\u00f3n Social de la Facultad de Filosof\u00eda y Humanidades de la Universidad Austral de Chile (UACh. La realizaci\u00f3n de este congreso -que se ha constituido como una tradici\u00f3n en la academia hilena- no s\u00f3lo contribuye al enriquecimiento de esta disciplina en nuestra regi\u00f3n, sino que adem\u00e1s, contribuir\u00e1 a la visibilizaci\u00f3n de la UACh como un importante foco de reflexi\u00f3n en torno al conocimiento.<\/p>\n<p id=\"tag_3_2\">La inauguraci\u00f3n se realiz\u00f3 hoy jueves 13 de octubre a las 10:15 hrs. en el uditorio F\u00e9lix Mart\u00ednez Bonatti de la Facultad de Filosof\u00eda y Humanidades de la UACh, oportunidad en la que el Vicerrector Acad\u00e9mico Dr. \u00d3scar Galindo dio la ienvenida institucional y agradeci\u00f3 a la Presidenta de la Asociaci\u00f3n Chilena de Semi\u00f3tica Dra. Elizabeth Parra &#8220;por haber tra\u00eddo a Valdivia este congreso&#8221;, a los \u00a0conferencistas, expositores y organizadores (la Escuela de Graduados de la Facultad de Filosof\u00eda y Humanidades y el Instituto de Comunicaci\u00f3n Social).<\/p>\n<p id=\"tag_3_3\">Respecto a esta disciplina, se\u00f1al\u00f3 que &#8220;la semi\u00f3tica tiende a ampliar, desdibujar o hacer porosas sus fronteras, creo que el t\u00edtulo de este congreso es muy importante tambi\u00e9n&#8221;. Adem\u00e1s -dijo- concurren semi\u00f3logos y ling\u00fcistas adem\u00e1s de comunicadores sociales, antrop\u00f3logos y estudiosos de la literatura a este congreso multidisciplinar &#8220;que parece el destino de la semi\u00f3tica&#8221;.<\/p>\n<\/div>\n<div id=\"tagnew_1318601780\"><img id=\"tagnew_1318601780_0\" src=\"http:\/\/humanidades.uach.cl\/respaldo\/show_media.php?id=1397&amp;version=1\" alt=\"image\" \/><\/p>\n<p id=\"tagnew_1318601780_1\">Congreso Semiotica<\/p>\n<\/div>\n<div id=\"tag_4\">\n<p id=\"tag_4_0\">Tambi\u00e9n intervino la Presidenta de la Asociaci\u00f3n Chilena de Semi\u00f3tica Dra. Elizabeth Parra quien rindi\u00f3 homenaje al especialista nacido en Espa\u00f1a y radicado en Argentina Dr. Juan Magari\u00f1os de Morentin quien falleci\u00f3 el a\u00f1o pasado y public\u00f3 un libro denominado &#8220;La semi\u00f3tica de los bordes&#8221;, destac\u00e1ndose por su productividad, &#8220;tesonera labor&#8221; y &#8220;honestidad intelectual&#8221;.<\/p>\n<p id=\"tag_4_1\">La Presidenta entreg\u00f3 un presente al Vicerrector Acad\u00e9mico Dr. Oscar Galindo en reconocimiento a la hospitalidad de nuestra casa de estudios y a sus colegas que han hecho posible esta actividad.<\/p>\n<p id=\"tag_4_2\">Posteriormente se dio paso a las dos charlas inaugurales, &#8220;Infiernos cristianos y andinos&#8221;, a cargo de la Dra. Ver\u00f3nica Cereceda, (ASUR, Antrop\u00f3logos del Sur Andino, Bolivia) y &#8220;El capitalismo narrativo en la era digital&#8221;, del Dr. Lorenzo Vilches Manterola (Universidad Aut\u00f3noma de Barcelona, Espa\u00f1a). La ponencias, divididas en 6 mesas paralelas, comenzaron a las 15:00 hrs.<\/p>\n<p id=\"tag_4_3\">M\u00e1s informaci\u00f3n en http:\/\/www.congresosemiotica2011.cl\/<\/p>\n<\/div>\n<\/div>\n<\/div>\n","protected":false},"excerpt":{"rendered":"<p>Actualizado el 14-10-2011<br \/>\nEscrito por: Jose Luis G\u00f3mez Guenchor. Periodista Relaciones P\u00fablicas.josegomez@uach.cl<\/p>\n","protected":false},"author":1,"featured_media":483,"comment_status":"open","ping_status":"open","sticky":false,"template":"","format":"standard","meta":[],"categories":[1],"tags":[],"_links":{"self":[{"href":"https:\/\/humanidades.uach.cl\/respaldo\/wp-json\/wp\/v2\/posts\/474"}],"collection":[{"href":"https:\/\/humanidades.uach.cl\/respaldo\/wp-json\/wp\/v2\/posts"}],"about":[{"href":"https:\/\/humanidades.uach.cl\/respaldo\/wp-json\/wp\/v2\/types\/post"}],"author":[{"embeddable":true,"href":"https:\/\/humanidades.uach.cl\/respaldo\/wp-json\/wp\/v2\/users\/1"}],"replies":[{"embeddable":true,"href":"https:\/\/humanidades.uach.cl\/respaldo\/wp-json\/wp\/v2\/comments?post=474"}],"version-history":[{"count":4,"href":"https:\/\/humanidades.uach.cl\/respaldo\/wp-json\/wp\/v2\/posts\/474\/revisions"}],"predecessor-version":[{"id":478,"href":"https:\/\/humanidades.uach.cl\/respaldo\/wp-json\/wp\/v2\/posts\/474\/revisions\/478"}],"wp:featuredmedia":[{"embeddable":true,"href":"https:\/\/humanidades.uach.cl\/respaldo\/wp-json\/wp\/v2\/media\/483"}],"wp:attachment":[{"href":"https:\/\/humanidades.uach.cl\/respaldo\/wp-json\/wp\/v2\/media?parent=474"}],"wp:term":[{"taxonomy":"category","embeddable":true,"href":"https:\/\/humanidades.uach.cl\/respaldo\/wp-json\/wp\/v2\/categories?post=474"},{"taxonomy":"post_tag","embeddable":true,"href":"https:\/\/humanidades.uach.cl\/respaldo\/wp-json\/wp\/v2\/tags?post=474"}],"curies":[{"name":"wp","href":"https:\/\/api.w.org\/{rel}","templated":true}]}}