{"id":464,"date":"2011-11-07T01:34:14","date_gmt":"2011-11-07T01:34:14","guid":{"rendered":"http:\/\/inspiracion.cl\/humanidades\/?p=464"},"modified":"2011-11-07T04:50:36","modified_gmt":"2011-11-07T04:50:36","slug":"profesores-de-remo-participan-de-juegos-panamericanos-guadalajara-2011","status":"publish","type":"post","link":"https:\/\/humanidades.uach.cl\/respaldo\/2011\/11\/07\/profesores-de-remo-participan-de-juegos-panamericanos-guadalajara-2011\/","title":{"rendered":"Profesores de Remo Participan de Juegos Panamericanos Guadalajara 2011"},"content":{"rendered":"<p id=\"tag_1_0\">La semana pasada los profesores de la carrera de Pedagog\u00eda en Educaci\u00f3n F\u00edsica, Deportes y Recreaci\u00f3n, Augusto Grandjean y Miguel Cerda, viajaron hasta M\u00e9xico para ser parte de la delegaci\u00f3n chilena de Remo en los Juegos Panamericanos Guadalajara 2011.<\/p>\n<p id=\"tag_1_1\">Los docentes que actualmente est\u00e1n a cargo de m\u00f3dulos n\u00e1uticos de la carrera de Educaci\u00f3n Fisica de la UACh participar\u00e1n en\u00e9rgicamente entre el 15 y 30 de octubre, en la actividad que sirve de antesala de los pr\u00f3ximos Juegos Ol\u00edmpicos Londres 2012.<\/p>\n<p id=\"tag_1_2\">Acceder a la p\u00e1gina de los Juegos Panamericanos\u00a0<a id=\"tag_1_3\" href=\"http:\/\/www.guadalajara2011.org.nex\/\">Aqu\u00ed \u00a0<\/a><\/p>\n","protected":false},"excerpt":{"rendered":"<p><\/p>\n","protected":false},"author":1,"featured_media":465,"comment_status":"open","ping_status":"open","sticky":false,"template":"","format":"standard","meta":[],"categories":[1],"tags":[],"_links":{"self":[{"href":"https:\/\/humanidades.uach.cl\/respaldo\/wp-json\/wp\/v2\/posts\/464"}],"collection":[{"href":"https:\/\/humanidades.uach.cl\/respaldo\/wp-json\/wp\/v2\/posts"}],"about":[{"href":"https:\/\/humanidades.uach.cl\/respaldo\/wp-json\/wp\/v2\/types\/post"}],"author":[{"embeddable":true,"href":"https:\/\/humanidades.uach.cl\/respaldo\/wp-json\/wp\/v2\/users\/1"}],"replies":[{"embeddable":true,"href":"https:\/\/humanidades.uach.cl\/respaldo\/wp-json\/wp\/v2\/comments?post=464"}],"version-history":[{"count":2,"href":"https:\/\/humanidades.uach.cl\/respaldo\/wp-json\/wp\/v2\/posts\/464\/revisions"}],"predecessor-version":[{"id":467,"href":"https:\/\/humanidades.uach.cl\/respaldo\/wp-json\/wp\/v2\/posts\/464\/revisions\/467"}],"wp:featuredmedia":[{"embeddable":true,"href":"https:\/\/humanidades.uach.cl\/respaldo\/wp-json\/wp\/v2\/media\/465"}],"wp:attachment":[{"href":"https:\/\/humanidades.uach.cl\/respaldo\/wp-json\/wp\/v2\/media?parent=464"}],"wp:term":[{"taxonomy":"category","embeddable":true,"href":"https:\/\/humanidades.uach.cl\/respaldo\/wp-json\/wp\/v2\/categories?post=464"},{"taxonomy":"post_tag","embeddable":true,"href":"https:\/\/humanidades.uach.cl\/respaldo\/wp-json\/wp\/v2\/tags?post=464"}],"curies":[{"name":"wp","href":"https:\/\/api.w.org\/{rel}","templated":true}]}}