{"id":461,"date":"2011-11-07T01:00:43","date_gmt":"2011-11-07T01:00:43","guid":{"rendered":"http:\/\/inspiracion.cl\/humanidades\/?p=461"},"modified":"2011-11-07T01:00:43","modified_gmt":"2011-11-07T01:00:43","slug":"se-realizara-4to-encuentro-latinoamericano-de-escritores","status":"publish","type":"post","link":"https:\/\/humanidades.uach.cl\/respaldo\/2011\/11\/07\/se-realizara-4to-encuentro-latinoamericano-de-escritores\/","title":{"rendered":"Se Realizar\u00e1 4to Encuentro Latinoamericano de Escritores"},"content":{"rendered":"<div id=\"tagnew_1318972951\">\n<p id=\"tagnew_1318972951_0\">Entre el 24 y el 29 de octubre se desarrollar\u00e1 el Cuarto\u00a0Encuentro\u00a0Latinoamericano de Escritores, Valdivia 2011, contando con la participaci\u00f3n total de 24 escritores de toda Sudam\u00e9rica, que ser\u00e1n los encargados de dar vida a esta semana llena de actividades culturales.<\/p>\n<p id=\"tagnew_1318972951_1\">Participar\u00e1n exponentes provenientes de pa\u00edses como Argentina, Bolivia, M\u00e9xico, Ecuador, Brasil y Colombia. Entre los nombres figuran los destacados autores chilenos; Alejandro Zambra, Nona Fern\u00e1ndez, Grinor Rojo, Elvira Hern\u00e1ndez, Rodrigo Olavarr\u00eda y Yanko Gonz\u00e1lez y entre los extranjeros; Mart\u00edn Kohan, Abd\u00f3n Ubidia, Damaris Calder\u00f3n\u00a0y Sergio Raimondi.<\/p>\n<p id=\"tagnew_1318972951_2\">Esta iniciativa es organizada por el Colectivo de Escritores Paratopia de Valdivia, y cuenta con el financiamiento del Fondo de Fomento del Libro y la Lectura, convocatoria 2011, del Consejo Nacional de la Cultura y las Artes. Corresponde a la continuaci\u00f3n del Primer Encuentro Latinoamericano de Escritores que se realiz\u00f3 en M\u00e9xico el a\u00f1o 2007, y que luego se traslad\u00f3 a Valdivia para seguir su legado.<\/p>\n<p id=\"tagnew_1318972951_3\">Este evento es organizado por el Colectivo de Escritores Paratopia de Valdivia y cuenta con el financiamiento del Fondo de Fomento del Libro y la Lectura, convocatoria 2011, del Consejo Nacional de la Cultura y las Artes. Corresponde a la continuaci\u00f3n del Primer Encuentro Latinoamericano de Escritores que se realiz\u00f3 en M\u00e9xico 2007, y que luego se traslad\u00f3 a Valdivia para continuar su legado.<\/p>\n<p id=\"tagnew_1318972951_4\">El Encuentro Latinoamericano de Escritores de Valdivia, en su cuarta versi\u00f3n, es un evento de calidad internacional que proporciona un espacio de reflexi\u00f3n y di\u00e1logo, en torno a la escritura latinoamericana, incorporando distintas instancias de participaci\u00f3n ciudadana, con un car\u00e1cter pedag\u00f3gico y de difusi\u00f3n literaria.<\/p>\n<p id=\"tagnew_1318972951_5\">Sus l\u00edneas apuntan a\u00a0propiciar un espacio de intercambio de experiencias entre los expositores, los estudiantes y la comunidad en general, a trav\u00e9s de talleres, lecturas y mesas cr\u00edticas.<\/p>\n<\/div>\n<div id=\"tagnew_1318973001\">\n<p id=\"tagnew_1318973001_0\">Durante el evento, las actividades a realizar corresponder\u00e1n a mesas de lecturas y mesas cr\u00edticas; las primeras consisten en lecturas p\u00fablicas, a cargo de los escritores invitados, quienes presentaran extractos de sus obras; las mesas cr\u00edticas, por su parte estar\u00e1n constituidas por ensayistas especializados en las l\u00edneas tem\u00e1ticas propuestas por la organizaci\u00f3n del encuentro (Rol de la literatura en el curr\u00edculum educativo; Literatura y G\u00e9nero; Identidad, Lengua y Territorio), destinadas a estudiantes y al p\u00fablico en general.<\/p>\n<p id=\"tagnew_1318973001_1\">Para esta nueva versi\u00f3n, las actividades se llevar\u00e1n a cabo en la comuna de Valdivia, Futrono y Paillaco donde participar\u00e1n todos los integrantes de este cruce literario. Las mesas de lectura y cr\u00edticas se efectuar\u00e1n en la Casa Luis Oyarz\u00fan (Direcci\u00f3n de Extensi\u00f3n de la UACh),\u00a0Audit\u00f3rium Fac. de Filosof\u00eda y Humanidades UACh (CIDFIL), Biblioteca de Panguipulli,\u00a0Sal\u00f3n Sara Zaffaroni\u00a0\u00a0(Futrono),\u00a0Centro de Educaci\u00f3n Continua (CEC), Barrio In\u00e9s de Su\u00e1rez y Barrio menzel y\u00a0Cafetelibros Donceles.\u00a0En el caso de los establecimientos educacionales se encuentran Lecturas\u00a0en el Audit\u00f3rium Instituto Alem\u00e1n, Liceo Fernando Santiv\u00e1n (Panguipulli), Liceo El Llolly (Futrono),\u00a0Escuela Manuel Balmaceda, Liceo T\u00e9cnico e Instituto Italia.<\/p>\n<p id=\"tagnew_1318973001_2\">Adem\u00e1s, se realizar\u00e1 la edici\u00f3n especial de la revista \u201cLavaquita\u201d que tiene por objetivo difundir la obra de los escritores latinoamericanos invitados al Encuentro y que incluir\u00e1 los ganadores del concurso de poes\u00eda y cuento, organizado previamente por el Colectivo Paratopia y\u00a0que busca\u00a0estimular la creaci\u00f3n literaria en estudiantes de educaci\u00f3n media y superior. La \u201cLavaquita\u201d,\u00a0ser\u00e1 presentada durante la inauguraci\u00f3n del evento y distribuida gratuitamente en los colegios, universidad, barrios y comunas participantes.<\/p>\n<p id=\"tagnew_1318973001_3\">Dentro de los literatos latinoamericanos se encuentran\u00a0Abdon Ubidia (Quito-Ecuador), Martin Kohan- (Buenos Aires-Argentina) , Sergio Raimondi (Rosario-Argentina), Jos\u00e9 Molina (Oaxaca-M\u00e9xico), Virna Teixeira (Sao Paulo- Brasil), Carolina D\u00e1vila (Bogot\u00e1-Colombia), Damaris Calder\u00f3n (La Habana- Cuba), Emma Villaz\u00f3n (La Paz-Bolivia), Pergentino Jos\u00e9 Ruiz (Oaxaca-M\u00e9xico). Los nacionales son Raquel Olea (Santiago), Javier Bello\u00a0\u00a0(Santiago-Concepci\u00f3n), Grinor Rojo\u00a0\u00a0(Santiago), Juan Huenuan (Temuco), Enrique Winter (Santiago-Valpara\u00edso), Carlos Coci\u00f1a\u00a0\u00a0(Santiago- Concepci\u00f3n),\u00a0\u00a0Nona Fern\u00e1ndez (Santiago), Alejandro Zambra\u00a0\u00a0(Santiago), Elvira Hern\u00e1ndez (Santiago),\u00a0\u00a0Rodrigo Olavarr\u00eda (Puerto Montt).. Y los locales Heddy Navarro (Valdivia), Yanko Gonz\u00e1lez (Valdivia), Cristina Gallardo (Valdivia), Claudia Kalleg (Valdivia), Ver\u00f3nica Zondek (Valdivia) y Cristina Bravo (Valdivia).<\/p>\n<p id=\"tagnew_1318973001_4\">\n<p id=\"tagnew_1318973001_5\">Acceder al Programa\u00a0<a id=\"tagnew_1318973001_6\" href=\"http:\/\/www.humanidades.uach.cl\/contenido.php?sec=329&amp;len=es&amp;cont=1236&amp;cur=0\">Aqui<\/a><\/p>\n<\/div>\n","protected":false},"excerpt":{"rendered":"<p>Santiago no es Chile. Es una de las claves que propuso el Colectivo Paratopia para crear un certamen de literatura  con  destacados autores americanos y que por tercera vez  se realiza en la ciudad de Valdivia. Alejandro Zambra, Nona Fern\u00e1ndez, Grinor Rojo, Elvira Hern\u00e1ndez, Rodrigo Olavarr\u00eda y Yanko Gonz\u00e1lez, Mart\u00edn Kohan, Abd\u00f3n Ubidia, Damaris Calder\u00f3n y Sergio Raimondi, son algunos de los protagonistas de este importante evento cultural que se realizar\u00e1 pr\u00f3ximamente en la Regi\u00f3n de Los R\u00edos.<\/p>\n","protected":false},"author":1,"featured_media":462,"comment_status":"open","ping_status":"open","sticky":false,"template":"","format":"standard","meta":[],"categories":[1],"tags":[],"_links":{"self":[{"href":"https:\/\/humanidades.uach.cl\/respaldo\/wp-json\/wp\/v2\/posts\/461"}],"collection":[{"href":"https:\/\/humanidades.uach.cl\/respaldo\/wp-json\/wp\/v2\/posts"}],"about":[{"href":"https:\/\/humanidades.uach.cl\/respaldo\/wp-json\/wp\/v2\/types\/post"}],"author":[{"embeddable":true,"href":"https:\/\/humanidades.uach.cl\/respaldo\/wp-json\/wp\/v2\/users\/1"}],"replies":[{"embeddable":true,"href":"https:\/\/humanidades.uach.cl\/respaldo\/wp-json\/wp\/v2\/comments?post=461"}],"version-history":[{"count":1,"href":"https:\/\/humanidades.uach.cl\/respaldo\/wp-json\/wp\/v2\/posts\/461\/revisions"}],"predecessor-version":[{"id":463,"href":"https:\/\/humanidades.uach.cl\/respaldo\/wp-json\/wp\/v2\/posts\/461\/revisions\/463"}],"wp:featuredmedia":[{"embeddable":true,"href":"https:\/\/humanidades.uach.cl\/respaldo\/wp-json\/wp\/v2\/media\/462"}],"wp:attachment":[{"href":"https:\/\/humanidades.uach.cl\/respaldo\/wp-json\/wp\/v2\/media?parent=461"}],"wp:term":[{"taxonomy":"category","embeddable":true,"href":"https:\/\/humanidades.uach.cl\/respaldo\/wp-json\/wp\/v2\/categories?post=461"},{"taxonomy":"post_tag","embeddable":true,"href":"https:\/\/humanidades.uach.cl\/respaldo\/wp-json\/wp\/v2\/tags?post=461"}],"curies":[{"name":"wp","href":"https:\/\/api.w.org\/{rel}","templated":true}]}}