{"id":458,"date":"2011-11-07T00:57:57","date_gmt":"2011-11-07T00:57:57","guid":{"rendered":"http:\/\/inspiracion.cl\/humanidades\/?p=458"},"modified":"2011-11-07T04:50:49","modified_gmt":"2011-11-07T04:50:49","slug":"1%c2%b0-ciclo-de-cine-valdiversa-gay-les-bi-trans","status":"publish","type":"post","link":"https:\/\/humanidades.uach.cl\/respaldo\/2011\/11\/07\/1%c2%b0-ciclo-de-cine-valdiversa-gay-les-bi-trans\/","title":{"rendered":"1\u00b0 Ciclo de Cine Valdiversa: Gay-Les-Bi-Trans."},"content":{"rendered":"<p id=\"tagnew_1319169496_0\">Los d\u00edas 21, 22 y 23 de octubre, en el auditorio CIDFIL de la Universidad Austral, se realizar\u00e1 el 1\u00b0 Ciclo de Cine Valdiversa. Gay-Les-Bi-Trans. Abierto a todo p\u00fablico y de entrada liberada.<\/p>\n<p id=\"tagnew_1319169496_1\">En esta primera oportunidad ser\u00e1n exhibidos un total de 6 pel\u00edculas y documentales, y 1 cortometraje, selecci\u00f3n que cuenta con pel\u00edculas premiadas en distintos festivales del mundo.<\/p>\n<p id=\"tagnew_1319169496_2\"><strong id=\"tagnew_1319169496_3\">PROGRAMACI\u00d3N<\/strong><\/p>\n<p id=\"tagnew_1319169496_4\"><strong id=\"tagnew_1319169496_5\">Viernes 21 de octubre:<\/strong><\/p>\n<p id=\"tagnew_1319169496_6\">16:00: Vier Minuten \/ Chris Graus \/ Alemania \/ L\u00e9sbica \/ Largo \/ 2006 \/ 112 Min<\/p>\n<p id=\"tagnew_1319169496_7\">18:30: Meu amigo Claudia \/ Dacio Pinheiro \/ Brasil \/ Transexual \/ Documental \/ 2009 \/ 87 Min.<\/p>\n<p id=\"tagnew_1319169496_8\"><strong id=\"tagnew_1319169496_9\">S\u00e1bado 22 de octubre:<\/strong><\/p>\n<p id=\"tagnew_1319169496_10\">16:00: El cuarto de Leo \/ Enrique Buchichio \/ Uruguay \/ Gay \/ Largo \/ 2009 \/ 95 Min.<\/p>\n<p id=\"tagnew_1319169496_11\">18:30: Itty bitty titty comitee \/ Jamie Babbit \/ EE.UU. \/ L\u00e9sbica \/ Largo \/ 2007 \/ 87 Min.<\/p>\n<p id=\"tagnew_1319169496_12\">20:00: Kena y Paula \/ Catalina Donoso \/ Chile \/ L\u00e9sbica \/ Corto \/ 2008 \/ 15 Min<\/p>\n<p id=\"tagnew_1319169496_13\"><strong id=\"tagnew_1319169496_14\">Domingo 23 de octubre:<\/strong><\/p>\n<p id=\"tagnew_1319169496_15\">16:00: Comme les autres \/ Vincent Garenq \/ Francia \/ Gay \/ Largo \/ 2008 \/ 98 Min.<\/p>\n<p id=\"tagnew_1319169496_16\">18:30: It\u2019s Elementary \/ Debra Chasnoff \/ EE.UU. \/ Mixta \/ Documental \/ 1996 \/ 78 Min.<\/p>\n","protected":false},"excerpt":{"rendered":"<p><\/p>\n","protected":false},"author":1,"featured_media":459,"comment_status":"open","ping_status":"open","sticky":false,"template":"","format":"standard","meta":[],"categories":[1],"tags":[],"_links":{"self":[{"href":"https:\/\/humanidades.uach.cl\/respaldo\/wp-json\/wp\/v2\/posts\/458"}],"collection":[{"href":"https:\/\/humanidades.uach.cl\/respaldo\/wp-json\/wp\/v2\/posts"}],"about":[{"href":"https:\/\/humanidades.uach.cl\/respaldo\/wp-json\/wp\/v2\/types\/post"}],"author":[{"embeddable":true,"href":"https:\/\/humanidades.uach.cl\/respaldo\/wp-json\/wp\/v2\/users\/1"}],"replies":[{"embeddable":true,"href":"https:\/\/humanidades.uach.cl\/respaldo\/wp-json\/wp\/v2\/comments?post=458"}],"version-history":[{"count":3,"href":"https:\/\/humanidades.uach.cl\/respaldo\/wp-json\/wp\/v2\/posts\/458\/revisions"}],"predecessor-version":[{"id":468,"href":"https:\/\/humanidades.uach.cl\/respaldo\/wp-json\/wp\/v2\/posts\/458\/revisions\/468"}],"wp:featuredmedia":[{"embeddable":true,"href":"https:\/\/humanidades.uach.cl\/respaldo\/wp-json\/wp\/v2\/media\/459"}],"wp:attachment":[{"href":"https:\/\/humanidades.uach.cl\/respaldo\/wp-json\/wp\/v2\/media?parent=458"}],"wp:term":[{"taxonomy":"category","embeddable":true,"href":"https:\/\/humanidades.uach.cl\/respaldo\/wp-json\/wp\/v2\/categories?post=458"},{"taxonomy":"post_tag","embeddable":true,"href":"https:\/\/humanidades.uach.cl\/respaldo\/wp-json\/wp\/v2\/tags?post=458"}],"curies":[{"name":"wp","href":"https:\/\/api.w.org\/{rel}","templated":true}]}}