{"id":454,"date":"2011-11-07T00:53:48","date_gmt":"2011-11-07T00:53:48","guid":{"rendered":"http:\/\/inspiracion.cl\/humanidades\/?p=454"},"modified":"2011-11-07T04:51:34","modified_gmt":"2011-11-07T04:51:34","slug":"estudiante-de-periodismo-realizara-pasantia-en-estados-unidos","status":"publish","type":"post","link":"https:\/\/humanidades.uach.cl\/respaldo\/2011\/11\/07\/estudiante-de-periodismo-realizara-pasantia-en-estados-unidos\/","title":{"rendered":"Estudiante de Periodismo Realizar\u00e1 Pasant\u00eda en Estados Unidos"},"content":{"rendered":"<p id=\"tag_1_0\">El estudiante de la Escuela de Periodismo de la Universidad Austral de Chile, Sergio Dur\u00e1n, obtuvo una beca para estudiar durante el I semestre de 2012 en Estados Unidos de Am\u00e9rica, en la Appalachian State University, Estado de Carolina del Norte.<\/p>\n<p id=\"tag_1_1\">El beneficio obedece al convenio de movilidad existente entre ambas universidades, lo que\u00a0 le permitir\u00e1 al estudiante de tercer a\u00f1o liberaci\u00f3n de derechos de estudios en el programa de Comunicaci\u00f3n y Sociolog\u00eda, residencia y mantenci\u00f3n entre enero y mayo de 2012 en la localidad de Boone.<\/p>\n<p id=\"tag_1_2\">El Director de la Escuela de Periodismo, Dr. Julio Carvajal Rivera, inform\u00f3 que la unidad apoya la formaci\u00f3n complementaria de sus estudiantes, como en este caso, al cual se suma la alumna Camila Ceverio, quien este a\u00f1o permaneci\u00f3\u00a0 durante un semestre en la Universidad Complutense de Madrid.<\/p>\n<p id=\"tag_1_3\">Adem\u00e1s inform\u00f3 que los estudiantes Fredickson Valdebenito, Alondra Lara y Tamara Past\u00e9n, asistieron al\u00a0 XVI Congreso Latinaomericano de Estudiantes, realizado recientemente en Montevideo, Uruguay, en tanto que la estudiante Natasjja Mancilla, present\u00f3 una ponencia en el I Congreso de Comunicaci\u00f3n y Ciencias Sociales, realizado en Septiembre en La Universidad de La Plata, Argentina.<\/p>\n<p id=\"tag_1_4\">\n","protected":false},"excerpt":{"rendered":"<p><\/p>\n","protected":false},"author":1,"featured_media":455,"comment_status":"open","ping_status":"open","sticky":false,"template":"","format":"standard","meta":[],"categories":[1],"tags":[],"_links":{"self":[{"href":"https:\/\/humanidades.uach.cl\/respaldo\/wp-json\/wp\/v2\/posts\/454"}],"collection":[{"href":"https:\/\/humanidades.uach.cl\/respaldo\/wp-json\/wp\/v2\/posts"}],"about":[{"href":"https:\/\/humanidades.uach.cl\/respaldo\/wp-json\/wp\/v2\/types\/post"}],"author":[{"embeddable":true,"href":"https:\/\/humanidades.uach.cl\/respaldo\/wp-json\/wp\/v2\/users\/1"}],"replies":[{"embeddable":true,"href":"https:\/\/humanidades.uach.cl\/respaldo\/wp-json\/wp\/v2\/comments?post=454"}],"version-history":[{"count":3,"href":"https:\/\/humanidades.uach.cl\/respaldo\/wp-json\/wp\/v2\/posts\/454\/revisions"}],"predecessor-version":[{"id":457,"href":"https:\/\/humanidades.uach.cl\/respaldo\/wp-json\/wp\/v2\/posts\/454\/revisions\/457"}],"wp:featuredmedia":[{"embeddable":true,"href":"https:\/\/humanidades.uach.cl\/respaldo\/wp-json\/wp\/v2\/media\/455"}],"wp:attachment":[{"href":"https:\/\/humanidades.uach.cl\/respaldo\/wp-json\/wp\/v2\/media?parent=454"}],"wp:term":[{"taxonomy":"category","embeddable":true,"href":"https:\/\/humanidades.uach.cl\/respaldo\/wp-json\/wp\/v2\/categories?post=454"},{"taxonomy":"post_tag","embeddable":true,"href":"https:\/\/humanidades.uach.cl\/respaldo\/wp-json\/wp\/v2\/tags?post=454"}],"curies":[{"name":"wp","href":"https:\/\/api.w.org\/{rel}","templated":true}]}}