{"id":451,"date":"2011-11-07T00:50:47","date_gmt":"2011-11-07T00:50:47","guid":{"rendered":"http:\/\/inspiracion.cl\/humanidades\/?p=451"},"modified":"2011-11-07T00:50:47","modified_gmt":"2011-11-07T00:50:47","slug":"inauguro-exposicion-de-decanos-historicos","status":"publish","type":"post","link":"https:\/\/humanidades.uach.cl\/respaldo\/2011\/11\/07\/inauguro-exposicion-de-decanos-historicos\/","title":{"rendered":"Inaugur\u00f3 Exposici\u00f3n de Decanos Hist\u00f3ricos"},"content":{"rendered":"<div id=\"tag_2\">\n<p id=\"tag_2_0\">Esta muestra, que se encontrar\u00e1 permanentemente la sala Eliazar Huerta de dicha facultad, tiene la particularidad de mostrar im\u00e1genes de cinco destacados acad\u00e9micos del \u00e1rea human\u00edstica que ejercieron como Decanos antes del golpe militar en Chile.<\/p>\n<p id=\"tag_2_1\">El actual Decano de la Facultad de Filosof\u00eda y Humanidades, Dr. Yanko Gonz\u00e1lez expres\u00f3 que con esta exposici\u00f3n permanente de fotograf\u00edas de los decanos fundadores, se trata de conmemorar los 30 a\u00f1os de las Facultad de Filosof\u00eda y Humanidades -en su denominaci\u00f3n actual- y los 55 a\u00f1os desde que se fundara, con el nombre de Filosof\u00eda y Educaci\u00f3n de la mano de su primer decano, Eleazar Huerta.<\/p>\n<p id=\"tag_2_2\">\u201cLa exposici\u00f3n busca rescatar la memoria visual de nuestra Macrounidad, tarea que ha estado por muchos a\u00f1os pendiente y que propicia\u00a0 fortalecer la identidad y sentido de nuestro quehacer. En esta direcci\u00f3n, la exposici\u00f3n rescata los decanos que fueron nombrados antes del Golpe de Estado, incluyendo a don Jorge Millas, con la creaci\u00f3n de la Facultad de Filosof\u00eda y Ciencias Sociales en marzo de 1973\u201d dijo.<\/p>\n<p id=\"tag_2_3\">Adem\u00e1s el Dr. Yanko Gonz\u00e1lez indic\u00f3 que la recopilaci\u00f3n hist\u00f3rica y fotogr\u00e1fica no fue tarea f\u00e1cil: \u201cHay im\u00e1genes que nos ha costado mucho encontrar, como la de Guillermo Araya y Gast\u00f3n Gainza. Muchos colegas no conoc\u00edan los rostros de estos decanos, pero hemos recibido la valiosa ayuda de familiares y disc\u00edpulos, as\u00ed como tambi\u00e9n la ayuda t\u00e9cnica del artista V\u00edctor Ruiz, en esta larga tarea de rescate&#8221;.<\/p>\n<\/div>\n<div id=\"tag_3\"><img id=\"tag_3_0\" src=\"http:\/\/humanidades.uach.cl\/respaldo\/show_media.php?id=1418&amp;version=1\" alt=\"image\" \/><\/div>\n<div id=\"tag_4\">\n<p id=\"tag_4_0\">Por su parte, el profesor del Instituto de Ciencias Sociales Dr. Fabi\u00e1n Almonacid, historiador de la Facultad de Filosof\u00eda y Humanidades, fue el encargado de recopilar la informaci\u00f3n hist\u00f3rica referente a los decanos de esta unidad.<\/p>\n<p id=\"tag_4_1\">En esta actividad,\u00a0 el acad\u00e9mico explic\u00f3 que la Facultad de Filosof\u00eda y Humanidades se cre\u00f3 en 1981, por la fusi\u00f3n de las Facultades de Letras y Educaci\u00f3n, Filosof\u00eda y Ciencias Sociales, y Bellas Artes, que en ese entonces pertenec\u00edan a la UACh. Asegur\u00f3 que la creaci\u00f3n de dicha Facultad, surge como producto de procesos que desde su creaci\u00f3n evidenciaron los enfoques y objetivos planteados en su desarrollo: \u201cEsta muestra tiene una gran importancia tanto para la Facultad y la UACh, porque se trata de destacados acad\u00e9micos como Eleazar huerta, Guillermo Araya, Gavino Gainza, Guido Mutis, Leonidas Morales, y Jorge Millas, que fueron muy importantes para la historia de la Universidad\u201d.<\/p>\n<p id=\"tag_4_2\">El Dr. Almonacid, plante\u00f3 que este tipo de muestras hace reflexionar al observador sobre la historia reciente de la Facultad, lo que permite discutir sobre temas pol\u00edticos y culturales que siguen siendo muy importantes para la comunidad universitaria.<\/p>\n<p id=\"tag_4_3\">Finalmente el Prodecano de la Facultad de Filosof\u00eda y Humanidades, Dr. Mauricio Mansilla, expres\u00f3: \u201cEs muy importante para la Facultad recopilar las im\u00e1genes de sus decanos, ya que esto fortalece la identidad y su historia. Adem\u00e1s, que esta muestra se coloque en un lugar donde se re\u00fane regularmente el Consejo de Facultad afianza la identidad del equipo de trabajo\u201d.<\/p>\n<p id=\"tag_4_4\">Algo m\u00e1s sobre la historia de la Facultad de Filosof\u00eda y Humanidades\u00a0<a id=\"tag_4_5\" href=\"http:\/\/www.humanidades.uach.cl\/contenido.php?len=es&amp;sec=169&amp;cont=100\">Aqu\u00ed.<\/a><\/p>\n<\/div>\n<div id=\"tag_5\">\n<p id=\"tag_5_0\">\n<p id=\"tag_5_1\">\n<p id=\"tag_5_2\"><strong id=\"tag_5_3\"><br id=\"tag_5_4\" \/><\/strong><\/p>\n<p id=\"tag_5_5\"><strong id=\"tag_5_6\"><em id=\"tag_5_7\">Conocida en sus inicios como Facultad de Estudios Generales de la Corporaci\u00f3n, naci\u00f3 gracias al impulso y gesti\u00f3n del Profesor y Filosofo Jorge Millas. En 1957 se crea la Escuela de Castellano, fundada por don Eleazar Huerta, destacado jurista, poeta y fil\u00f3logo espa\u00f1ol exiliado pos guerra civil, quien ser\u00eda el decano fundador de la Facultad de Filosof\u00eda y Educaci\u00f3n.<\/em><\/strong><\/p>\n<p id=\"tag_5_8\"><strong id=\"tag_5_9\"><em id=\"tag_5_10\">En 1962, la Facultad de Filosof\u00eda y Educaci\u00f3n pas\u00f3 a denominarse de Filosof\u00eda y Letras debido a una profunda reorganizaci\u00f3n de la Universidad. Ese mismo a\u00f1o se dio t\u00e9rmino a la Facultad de Estudios Generales.<\/em><\/strong><\/p>\n<p id=\"tag_5_11\"><strong id=\"tag_5_12\"><em id=\"tag_5_13\">Guillermo Araya, destacado ling\u00fcista y connotada figura pol\u00edtica, quien fuera Decano hasta el a\u00f1o 1973. Fue candidato a rector, donde\u00a0 represent\u00f3 a la izquierda de la UACh. Fue perseguido, exonerado, y muri\u00f3 en el exilio.<\/em><\/strong><\/p>\n<p id=\"tag_5_14\"><strong id=\"tag_5_15\"><em id=\"tag_5_16\">En 1973, desaparece nominalmente la Facultad de Filosof\u00eda y Letras, pasando a llamarse de Letras y Educaci\u00f3n, adem\u00e1s se crea la Facultad de Filosof\u00eda y Ciencias Sociales, siendo su decano fundador el Prof. Jorge Millas, hasta el a\u00f1o 1980.<\/em><\/strong><\/p>\n<p id=\"tag_5_17\"><strong id=\"tag_5_18\"><em id=\"tag_5_19\">Jorge Millas, importante fil\u00f3sofo, tuvo una destacada participaci\u00f3n pol\u00edtica en el pa\u00eds, ya que se opone a que los militares controlen el conocimiento que genera las universidades creando la idea de la \u201cuniversidad intervenida e intervenida\u201d.<\/em><\/strong><\/p>\n<p id=\"tag_5_20\"><strong id=\"tag_5_21\"><em id=\"tag_5_22\">Tras el golpe de estado comenz\u00f3 la intervenci\u00f3n de todas las universidades del pa\u00eds, imponi\u00e9ndose cambios al interior de esta universidad por las nuevas autoridades militares, en agosto de 1981, es en este contexto donde se fusionan las facultades de Filosof\u00eda y Ciencias Sociales, Letras y Educaci\u00f3n, y Bellas Artes bajo la denominaci\u00f3n de Facultad de Filosof\u00eda y Humanidades.<\/em><\/strong><\/p>\n<p id=\"tag_5_23\"><strong id=\"tag_5_24\"><em id=\"tag_5_25\">Otros de los decanos que fueron parte de la Facultad de Filosof\u00eda y Humanidades,\u00a0 al imponerse el r\u00e9gimen militar en Chile fueron Gavino Gainza, quien fue secretario general de la Universidad Austral, Guido Mutis, destacado profesor de ingl\u00e9s de la UACh, y Leonidas Morales, que actualmente se desempe\u00f1a como profesor titular de Literatura Chilena e Hispanoamericaba en la Universidad de Chile.<\/em><\/strong><\/p>\n<\/div>\n","protected":false},"excerpt":{"rendered":"<p>Esta semana, el Consejo de la Facultad de Filosof\u00eda y Humanidades de la Universidad Austral de Chile inaugur\u00f3 exposici\u00f3n fotogr\u00e1fica de Decanos Hist\u00f3ricos.  <\/p>\n","protected":false},"author":1,"featured_media":452,"comment_status":"open","ping_status":"open","sticky":false,"template":"","format":"standard","meta":[],"categories":[1],"tags":[],"_links":{"self":[{"href":"https:\/\/humanidades.uach.cl\/respaldo\/wp-json\/wp\/v2\/posts\/451"}],"collection":[{"href":"https:\/\/humanidades.uach.cl\/respaldo\/wp-json\/wp\/v2\/posts"}],"about":[{"href":"https:\/\/humanidades.uach.cl\/respaldo\/wp-json\/wp\/v2\/types\/post"}],"author":[{"embeddable":true,"href":"https:\/\/humanidades.uach.cl\/respaldo\/wp-json\/wp\/v2\/users\/1"}],"replies":[{"embeddable":true,"href":"https:\/\/humanidades.uach.cl\/respaldo\/wp-json\/wp\/v2\/comments?post=451"}],"version-history":[{"count":1,"href":"https:\/\/humanidades.uach.cl\/respaldo\/wp-json\/wp\/v2\/posts\/451\/revisions"}],"predecessor-version":[{"id":453,"href":"https:\/\/humanidades.uach.cl\/respaldo\/wp-json\/wp\/v2\/posts\/451\/revisions\/453"}],"wp:featuredmedia":[{"embeddable":true,"href":"https:\/\/humanidades.uach.cl\/respaldo\/wp-json\/wp\/v2\/media\/452"}],"wp:attachment":[{"href":"https:\/\/humanidades.uach.cl\/respaldo\/wp-json\/wp\/v2\/media?parent=451"}],"wp:term":[{"taxonomy":"category","embeddable":true,"href":"https:\/\/humanidades.uach.cl\/respaldo\/wp-json\/wp\/v2\/categories?post=451"},{"taxonomy":"post_tag","embeddable":true,"href":"https:\/\/humanidades.uach.cl\/respaldo\/wp-json\/wp\/v2\/tags?post=451"}],"curies":[{"name":"wp","href":"https:\/\/api.w.org\/{rel}","templated":true}]}}