{"id":445,"date":"2011-11-07T00:46:32","date_gmt":"2011-11-07T00:46:32","guid":{"rendered":"http:\/\/inspiracion.cl\/humanidades\/?p=445"},"modified":"2011-11-07T00:46:32","modified_gmt":"2011-11-07T00:46:32","slug":"se-inicia-primer-concurso-de-tesis-en-tematicas-de-interes-ciudadano-en-la-region-de-los-rios","status":"publish","type":"post","link":"https:\/\/humanidades.uach.cl\/respaldo\/2011\/11\/07\/se-inicia-primer-concurso-de-tesis-en-tematicas-de-interes-ciudadano-en-la-region-de-los-rios\/","title":{"rendered":"Se inicia primer concurso de tesis en tem\u00e1ticas de inter\u00e9s ciudadano en la Regi\u00f3n de Los R\u00edos"},"content":{"rendered":"<p id=\"tag_4_0\">Desde distintas \u00e1reas de trabajo, la iniciativa pretende fortalecer el desarrollo de la Regi\u00f3n de Los R\u00edos, abriendo esta \u00fanica oportunidad entre la academia y los procesos de participaci\u00f3n ciudadana, como una instancia que permita contribuir directamente a relevar y estudiar tem\u00e1ticas ciudadanas que inciden en la calidad de vida del territorio regional, y aporten en la discusi\u00f3n y elaboraci\u00f3n de propuestas de pol\u00edtica p\u00fablica regional y\/o local. Un trabajo que se concreta a trav\u00e9s de un convenio de colaboraci\u00f3n establecido en mayo del presente a\u00f1o, entre la Universidad Austral de Chile y la Agrupaci\u00f3n Eco-Regi\u00f3n Agenda Local 21.<\/p>\n<p id=\"tag_4_1\">La convocatoria, realizada por la Iniciativa ciudadana Nueva Regi\u00f3n C\u00f3mo Vamos, el Centro de Estudios Ambientales (CEAM) y la Escuela de Graduados de la Facultad de Filosof\u00eda y Humanidades, invita por primera vez a la comunidad estudiantil UACh a este innovador desaf\u00edo, con el objetivo de sumar y potenciar nuevos profesionales a una regi\u00f3n m\u00e1s descentralizada, ciudadana y sustentable.<\/p>\n<p id=\"tag_4_2\">Como requisitos, podr\u00e1n postular los estudiantes de la Universidad Austral de Chile que cuenten con tesis de pre y\/o post grado terminadas durante el 2011, habiendo sido calificadas por la comisi\u00f3n evaluadora respectiva.<\/p>\n<p id=\"tag_4_3\">Cabe destacar, que esta convocatoria est\u00e1 orientada a t\u00f3picos de inter\u00e9s ciudadano, por tanto la tesis debe enmarcarse en alguna de las tem\u00e1ticas visualizadas como relevantes por el proceso Nueva Regi\u00f3n C\u00f3mo Vamos, en temas como; recursos h\u00eddricos, impacto de plantaciones forestales, visi\u00f3n de ciudad: desarrollo urbano sostenible, planificaci\u00f3n y ordenamiento territorial, descentralizaci\u00f3n, entre otros, los cuales se especifican en el Anexo 1. En este mismo sentido, los interesados deber\u00e1n proponer un mecanismo de socializaci\u00f3n de los resultados de su tesis, que responda al objetivo de sensibilizaci\u00f3n e incidencia ciudadana, tales como: talleres con p\u00fablicos estrat\u00e9gicos, programas radiales, video, cartillas, por sugerir algunos.<\/p>\n<p id=\"tag_4_4\">En este primer concurso, se premiar\u00e1n un total de dos tesis, las cuales contar\u00e1n con un apoyo financiero de $400.000.- para cada una de ellas, en donde el 50% corresponde al reconocimiento del estudio y el otro 50% deber\u00e1 ser destinado para la implementaci\u00f3n del mecanismo propuesto de difusi\u00f3n ciudadana de los resultados de la tesis.<\/p>\n<p id=\"tag_4_5\">Para postular, los participantes al concurso deben enviar sus tesis y propuesta de socializaci\u00f3n de resultados, como plazo m\u00e1ximo el\u00a0<strong id=\"tag_4_6\">d\u00eda jueves 27 de Octubre del 2011, a las 18:00 hrs, \u00a0<\/strong>\u00a0al correo electr\u00f3nico\u00a0<a id=\"tag_4_7\" href=\"mailto:ceam1uach.cl\">ceam@uach.cl<\/a>\u00a0.<\/p>\n<p id=\"tag_4_8\">La selecci\u00f3n, estar\u00e1 a cargo de un jurado conformado por una comisi\u00f3n mixta de profesionales del proceso Nueva Regi\u00f3n C\u00f3mo Vamos y acad\u00e9micos del Centro de Estudios Ambientales (CEAM) y de la Escuela de Graduados de la Facultad de Filosof\u00eda y Humanidades de la UACh. Este jurado, evaluar\u00e1 las tesis postuladas, en funci\u00f3n de los criterios de evaluaci\u00f3n establecidos en el Anexo 2. La premiaci\u00f3n del concurso ser\u00e1 el 7 de noviembre.<\/p>\n","protected":false},"excerpt":{"rendered":"<p>Dirigido a tesistas de pre y post grado de la Universidad Austral de Chile, el concurso, promovido por la Iniciativa Nueva Regi\u00f3n Como Vamos, busca reconocer aquellas investigaciones que profundicen sobre diversas tem\u00e1ticas de inter\u00e9s ciudadano que puedan, adem\u00e1s, tener la implementaci\u00f3n de un mecanismo de socializaci\u00f3n a la comunidad. <\/p>\n","protected":false},"author":1,"featured_media":446,"comment_status":"open","ping_status":"open","sticky":false,"template":"","format":"standard","meta":[],"categories":[1],"tags":[],"_links":{"self":[{"href":"https:\/\/humanidades.uach.cl\/respaldo\/wp-json\/wp\/v2\/posts\/445"}],"collection":[{"href":"https:\/\/humanidades.uach.cl\/respaldo\/wp-json\/wp\/v2\/posts"}],"about":[{"href":"https:\/\/humanidades.uach.cl\/respaldo\/wp-json\/wp\/v2\/types\/post"}],"author":[{"embeddable":true,"href":"https:\/\/humanidades.uach.cl\/respaldo\/wp-json\/wp\/v2\/users\/1"}],"replies":[{"embeddable":true,"href":"https:\/\/humanidades.uach.cl\/respaldo\/wp-json\/wp\/v2\/comments?post=445"}],"version-history":[{"count":1,"href":"https:\/\/humanidades.uach.cl\/respaldo\/wp-json\/wp\/v2\/posts\/445\/revisions"}],"predecessor-version":[{"id":447,"href":"https:\/\/humanidades.uach.cl\/respaldo\/wp-json\/wp\/v2\/posts\/445\/revisions\/447"}],"wp:featuredmedia":[{"embeddable":true,"href":"https:\/\/humanidades.uach.cl\/respaldo\/wp-json\/wp\/v2\/media\/446"}],"wp:attachment":[{"href":"https:\/\/humanidades.uach.cl\/respaldo\/wp-json\/wp\/v2\/media?parent=445"}],"wp:term":[{"taxonomy":"category","embeddable":true,"href":"https:\/\/humanidades.uach.cl\/respaldo\/wp-json\/wp\/v2\/categories?post=445"},{"taxonomy":"post_tag","embeddable":true,"href":"https:\/\/humanidades.uach.cl\/respaldo\/wp-json\/wp\/v2\/tags?post=445"}],"curies":[{"name":"wp","href":"https:\/\/api.w.org\/{rel}","templated":true}]}}