{"id":442,"date":"2011-11-07T00:44:15","date_gmt":"2011-11-07T00:44:15","guid":{"rendered":"http:\/\/inspiracion.cl\/humanidades\/?p=442"},"modified":"2011-11-07T00:44:15","modified_gmt":"2011-11-07T00:44:15","slug":"ganador-del-premio-anagrama-de-ensayo-2011-hablo-de-su-obra-en-valdivia","status":"publish","type":"post","link":"https:\/\/humanidades.uach.cl\/respaldo\/2011\/11\/07\/ganador-del-premio-anagrama-de-ensayo-2011-hablo-de-su-obra-en-valdivia\/","title":{"rendered":"Ganador del Premio Anagrama de Ensayo 2011 habl\u00f3  de su obra en Valdivia"},"content":{"rendered":"<p id=\"tag_3_0\">En el Caf\u00e9 Donceles de Valdivia -en una amena tertulia- se hizo la presentaci\u00f3n del libro \u201cLa herida de Spinoza. Felicidad y pol\u00edtica de la vida posmoderna\u201d con la presencia del propio autor Vicente Serrano quien estuvo acompa\u00f1ado por el profesor Gonzalo Portales, ambos acad\u00e9micos de la Universidad Austral de Chile. La exposici\u00f3n de ideas dur\u00f3 una hora y media y luego dio espacio a una conversaci\u00f3n distendida con el p\u00fablico. El acad\u00e9mico de la UACH fue quien gui\u00f3 por medio de sus intervenciones el coloquio sobre el ensayo, texto que fuera ganador de la 39 edici\u00f3n del Premio Anagrama de Ensayo 2011 (Espa\u00f1a).<\/p>\n<p id=\"tag_3_2\">Dentro de lo que se destac\u00f3\u00a0de las tem\u00e1ticas del libro est\u00e1n: la felicidad, la plenitud de la existencia, la redenci\u00f3n de la muerte, la serenidad, la desmesura, lo moderno, el poder, el conflicto, el reconocimiento, la ideolog\u00eda y religi\u00f3n; sin que la reflexi\u00f3n pueda escapar del afecto y el amor.<\/p>\n<p id=\"tag_3_4\">Durante el intercambio de impresiones Serrano subray\u00f3\u00a0el c\u00f3mo lleg\u00f3\u00a0 a la conformaci\u00f3n de su libro empezando sus indagaciones desde Antonio Damasio, quien posee el libro (2005) \u201cEn busca de Spinoza\u201d, del cual sugiere lineamientos para la \u00e9tica humana desde la ciencia al abordar y conectar la filosof\u00eda con la neurobiolog\u00eda. Igualmente, se mencionaron otros autores que fueron pertinentes citar, como: Kant, Marx, Hegel, Ren\u00e9 Descartes, Martin Heidegger, Hans Blumenberg y Johann Gottlieb Fichte, entre varios otros.<\/p>\n<p id=\"tag_3_6\">Portales rememor\u00f3\u00a0 el momento cuando lleg\u00f3\u00a0el ensayo a sus manos, \u201cme hizo reflexionar sobre el mundo del trabajo acad\u00e9mico que se ha ido transformando con el tiempo en fijarme en las t\u00e9cnicas y las rigurosidades del modo de proceder que cada vez va siendo m\u00e1s exigente\u201d.<\/p>\n<p id=\"tag_3_8\">En tanto Vicente Serrano precis\u00f3\u00a0que, \u201cest\u00e1\u00a0escrito con voluntad de ensayo e incluso le queda demasiada academia, y no quiere decir que tenga un juicio negativo de la academia ni positivo, simplemente es otro tipo de trabajo y creo son complementarios, lo uno en este caso no se producir\u00eda sin lo otro&#8230; Al final uno es lector siempre y est\u00e1 leyendo, en el ensayo lo que se hace es conversar con la gente y se hacen propuestas desde los cl\u00e1sicos, uno va decantando los productos que ha ido leyendo en su vida y dialogando, uno piensa con los materiales que tiene\u201d.<\/p>\n<p id=\"tag_3_10\"><strong id=\"tag_3_12\">\u201cEl ensayo est\u00e1 vigente en el Periodismo&#8221;<\/strong><\/p>\n<p id=\"tag_3_13\">Asimismo, el prof. Julio Carvajal, director de la Carrera de Periodismo de la UACH, coment\u00f3 que, \u201cfue una presentaci\u00f3n muy profunda pero al mismo tiempo muy sencilla. Pienso que la gracia de los dos acad\u00e9micos radica en que uno expone una filosof\u00eda muy cl\u00e1sica, densa, can\u00f3nica, y el autor del libro, Vicente Serrano, de alguna manera traslada esa forma de pensamiento tradicional de la filosof\u00eda hacia la vida moderna y hacia las personas sencillas, lo que no es f\u00e1cil. \u00c9l hace el ejercicio por medio de un ensayo que va desde lo profundo a lo simple, donde la escritura tiene una gran relevancia; es lo que ocurre tambi\u00e9n en el ejercicio del Periodismo que, como sabemos, es relato, ya sea audiovisual o escrito\u201d.<\/p>\n","protected":false},"excerpt":{"rendered":"<p>En el Caf\u00e9 Donceles de Valdivia -en una amena tertulia- se hizo la presentaci\u00f3n del libro \u201cLa herida de Spinoza. Felicidad y pol\u00edtica de la vida posmoderna\u201d con la presencia del propio autor Vicente Serrano quien estuvo acompa\u00f1ado por el profesor Gonzalo Portales, ambos acad\u00e9micos de la Universidad Austral de Chile. La exposici\u00f3n de ideas [&hellip;]<\/p>\n","protected":false},"author":1,"featured_media":443,"comment_status":"open","ping_status":"open","sticky":false,"template":"","format":"standard","meta":[],"categories":[1],"tags":[],"_links":{"self":[{"href":"https:\/\/humanidades.uach.cl\/respaldo\/wp-json\/wp\/v2\/posts\/442"}],"collection":[{"href":"https:\/\/humanidades.uach.cl\/respaldo\/wp-json\/wp\/v2\/posts"}],"about":[{"href":"https:\/\/humanidades.uach.cl\/respaldo\/wp-json\/wp\/v2\/types\/post"}],"author":[{"embeddable":true,"href":"https:\/\/humanidades.uach.cl\/respaldo\/wp-json\/wp\/v2\/users\/1"}],"replies":[{"embeddable":true,"href":"https:\/\/humanidades.uach.cl\/respaldo\/wp-json\/wp\/v2\/comments?post=442"}],"version-history":[{"count":1,"href":"https:\/\/humanidades.uach.cl\/respaldo\/wp-json\/wp\/v2\/posts\/442\/revisions"}],"predecessor-version":[{"id":444,"href":"https:\/\/humanidades.uach.cl\/respaldo\/wp-json\/wp\/v2\/posts\/442\/revisions\/444"}],"wp:featuredmedia":[{"embeddable":true,"href":"https:\/\/humanidades.uach.cl\/respaldo\/wp-json\/wp\/v2\/media\/443"}],"wp:attachment":[{"href":"https:\/\/humanidades.uach.cl\/respaldo\/wp-json\/wp\/v2\/media?parent=442"}],"wp:term":[{"taxonomy":"category","embeddable":true,"href":"https:\/\/humanidades.uach.cl\/respaldo\/wp-json\/wp\/v2\/categories?post=442"},{"taxonomy":"post_tag","embeddable":true,"href":"https:\/\/humanidades.uach.cl\/respaldo\/wp-json\/wp\/v2\/tags?post=442"}],"curies":[{"name":"wp","href":"https:\/\/api.w.org\/{rel}","templated":true}]}}