{"id":439,"date":"2011-11-07T00:41:58","date_gmt":"2011-11-07T00:41:58","guid":{"rendered":"http:\/\/inspiracion.cl\/humanidades\/?p=439"},"modified":"2011-11-07T00:41:58","modified_gmt":"2011-11-07T00:41:58","slug":"invitan-a-participar-de-la-viii-semana-arabe-en-la-uach","status":"publish","type":"post","link":"https:\/\/humanidades.uach.cl\/respaldo\/2011\/11\/07\/invitan-a-participar-de-la-viii-semana-arabe-en-la-uach\/","title":{"rendered":"Invitan a Participar de la VIII Semana \u00c1rabe en la UACh"},"content":{"rendered":"<div id=\"tag_3\">\n<p id=\"tag_3_0\">El evento que es denominado \u201cDespertar del mundo \u00c1rabe\u201d se realizar\u00e1 en el Auditorio n\u00ba3 Edificio Nahm\u00edas del campus Isla Teja de la\u00a0<a id=\"tag_3_1\" href=\"http:\/\/www.uach.cl\/\">UACh<\/a>\u00a0, es gratuito y abierto a la comunidad universitaria y al p\u00fablico valdiviano en general.<\/p>\n<p id=\"tag_3_2\">La estudiante de Derecho y actual Presidenta de Juventud \u00c1rabe Palestina Valdivia, Camila Mattar, ejecutora del proyecto, \u00a0indic\u00f3 que en esta oportunidad se dictar\u00e1n charlas sobre la situaci\u00f3n actual del pueblo palestino y los acontecimientos recientes de la<strong id=\"tag_3_3\"><em id=\"tag_3_4\">Primavera \u00c1rabe<\/em>\u00a0:<\/strong><\/p>\n<p id=\"tag_3_5\">\u201cLos organizadores decidimos expandir las \u00e1reas para dialogar en la semana \u00e1rabe este a\u00f1o, y reflexionar sobre lo que ocurre actualmente en los pueblos \u00e1rabes de Siria, Egipto y Libia, que salieron a las calles a reivindicar sus derechos sociales y pol\u00edticos\u201d expres\u00f3.<\/p>\n<p id=\"tag_3_6\">La estudiante adem\u00e1s se\u00f1al\u00f3, que las jornadas de la VIII Semana \u00c1rabe incluir\u00e1n la exhibici\u00f3n de documentales y paneles informativos, muestras de la cultura tradicional \u00e1rabe como vestimentas, diversos objetos tradicionales y degustaci\u00f3n de caf\u00e9 y dulces \u00e1rabes.<\/p>\n<p id=\"tag_3_7\">Por otra parte, destac\u00f3 la participaci\u00f3n de la Embajadora de Palestina en Chile, May Kaileh; el Vicepresidente de Desarrollo Organizacional de la Federaci\u00f3n Palestina de Chile, Daniel Jadue; el Historiador y autor del libro \u201cEl Estado Palestino\u201d, Juan Sakalha; el Presidente del comit\u00e9 interparlamentario chileno-\u00e1rabe, Diputado Iv\u00e1n Moreira; y el integrante del comit\u00e9 interparlamentario chileno-\u00e1rabe, Diputado Alfonso de Urresti, quienes visitaron recientemente la Palestina ocupada.<\/p>\n<\/div>\n<div id=\"tag_4\">\n<p id=\"tag_4_0\">Finalmente, Camila Mattar invit\u00f3 a la comunidad valdiviana y universitaria a unirse a esta causa y participar de estas jornadas que permitir\u00e1n interiorizarse, entre otras cosas, \u00a0sobre la violaci\u00f3n de los Derechos Humanos en medio oriente, y la soberan\u00eda sobre en territorio palestino.<\/p>\n<p id=\"tag_4_1\">Esta actividad que es un proyecto financiado por la Coordinaci\u00f3n de Extensi\u00f3n y la Escuela de Graduados de la Facultad de Filosof\u00eda y Humanidades, Vicerector\u00eda Acad\u00e9mica, y la Facultad de Cs. Jur\u00eddicas y Administrativas.<\/p>\n<p id=\"tag_4_2\">Para obtener mayor informaci\u00f3n sobre el evento y la Juventud \u00c1rabe Palestina se pueden dirigirse al grupo en Facebook llamado Juventud \u00c1rabe Palestina Valdivia<a id=\"tag_4_3\" href=\"http:\/\/www.facebook.com\/groups\/43612042953\">Aqu\u00ed<\/a>\u00a0, o escribir al correo electr\u00f3nico de contacto\u00a0<a id=\"tag_4_4\" href=\"mailto:juvappvaldivia1gmail.com\">juvappvaldivia@gmail.com<\/a>\u00a0.<\/p>\n<\/div>\n<div id=\"tag_5\">\n<p id=\"tag_5_0\">\u00a0\u00a0<strong id=\"tag_5_1\">PROGRAMA<\/strong><\/p>\n<p id=\"tag_5_2\">\u201c\u00a0<strong id=\"tag_5_3\">VIII SEMANA \u00c1RABE: Despertar del Mundo \u00c1rabe&#8221;<\/strong><\/p>\n<p id=\"tag_5_4\"><strong id=\"tag_5_5\">9, 10 y 11 DE NOVIEMBRE<\/strong><\/p>\n<p id=\"tag_5_6\"><strong id=\"tag_5_7\">Auditorio 3 Edificio Nahm\u00edas \u2013 UACh<\/strong><\/p>\n<p id=\"tag_5_8\"><strong id=\"tag_5_9\">Organiza: Juventud \u00c1rabe por Palestina de Valdivia<\/strong><\/p>\n<p id=\"tag_5_10\"><strong id=\"tag_5_11\">Actividad gratuita<\/strong><\/p>\n<p id=\"tag_5_12\">\n<p id=\"tag_5_13\"><strong id=\"tag_5_14\">Mi\u00e9rcoles 9 de noviembre:<\/strong><\/p>\n<p id=\"tag_5_15\"><strong id=\"tag_5_16\">Ma\u00f1ana<\/strong><\/p>\n<p id=\"tag_5_17\">11.00 \u2013 12.30: Documental Ocupaci\u00f3n 101<\/p>\n<p id=\"tag_5_18\"><strong id=\"tag_5_19\">Tarde<\/strong><\/p>\n<p id=\"tag_5_20\">16. 00 \u2013 17.30: Documental Difamaci\u00f3n<\/p>\n<p id=\"tag_5_21\">17.30 \u2013 18.50 Documental Paz propaganda y la tierra prometida<\/p>\n<p id=\"tag_5_22\">Degustaci\u00f3n de caf\u00e9 y dulces \u00e1rabes<\/p>\n<p id=\"tag_5_23\">19. 00 \u2013 20. 30: Mesa de di\u00e1logo denominada \u201cSituaci\u00f3n pol\u00edtica actual de Palestina\u201d Embajadora de Palestina en Chile Mai Al Khaila<\/p>\n<p id=\"tag_5_24\">Daniel Jadue (Arquitecto, Soci\u00f3logo y Magister(c) en Urbanismo de la Universidad de Chile. Vicepresidente de Desarrollo Organizacional de la Federaci\u00f3n Palestina de Chile. M\u00e1s info\u00a0\u00a0<a id=\"tag_5_25\" href=\"http:\/\/danieljadue.cl\/blog\/\" target=\"_blank\">http:\/\/danieljadue.cl\/blog\/<\/a>\u00a0)<\/p>\n<p id=\"tag_5_26\">\n<p id=\"tag_5_27\"><strong id=\"tag_5_28\">Jueves 10 de noviembre:<\/strong><\/p>\n<p id=\"tag_5_29\"><strong id=\"tag_5_30\">Ma\u00f1ana<\/strong><\/p>\n<p id=\"tag_5_31\">11. 00 \u2013 12.00 : Pel\u00edcula Reel Bad Arabs<\/p>\n<p id=\"tag_5_32\"><strong id=\"tag_5_33\">Tarde<\/strong><\/p>\n<p id=\"tag_5_34\">16.00 \u2013\u00a0 17.00 :\u00a0 Documental Las Heridas de Rafah<\/p>\n<p id=\"tag_5_35\">17.00 \u2013 18.40 : Pel\u00edcula Por uno solo de mis dos ojos<\/p>\n<p id=\"tag_5_36\">Degustaci\u00f3n de caf\u00e9 y dulces \u00e1rabes<\/p>\n<p id=\"tag_5_37\">19.00\u00a0 \u2013 20.30 : Mesa de di\u00e1logo denominada\u00a0<em id=\"tag_5_38\">\u00a0\u201cPalestina: an\u00e1lisis del reconocimiento del Estado Palestino independiente y soberano\u201d,\u00a0<\/em>exponen Senador de la Rep\u00fablica, Sr. Ivan Moreira y Diputado de la Rep\u00fablica, Sr. Alfonso de Urresti.<\/p>\n<p id=\"tag_5_39\">\n<p id=\"tag_5_40\"><strong id=\"tag_5_41\">Viernes\u00a0 11 de noviembre:<\/strong><\/p>\n<p id=\"tag_5_42\"><strong id=\"tag_5_43\">Ma\u00f1ana<\/strong><\/p>\n<p id=\"tag_5_44\">11.00 \u2013 13.00 : Documental Gueto<\/p>\n<p id=\"tag_5_45\"><strong id=\"tag_5_46\">Tarde<\/strong><\/p>\n<p id=\"tag_5_47\">15.00 &#8211; 16.50: Documental Disparar a un elefante<\/p>\n<p id=\"tag_5_48\">Degustaci\u00f3n de caf\u00e9 y dulces \u00e1rabes<\/p>\n<p id=\"tag_5_49\">17.00 \u2013 18.30: Mesa de di\u00e1logo denominada denominada \u00a0\u201c\u00a0<em id=\"tag_5_50\">El mundo \u00e1rabe: Nuevo contexto pol\u00edtico socio cultural\u201d,<\/em>\u00a0<em id=\"tag_5_51\">\u00a0<\/em>\u00a0expositores<\/p>\n<p id=\"tag_5_52\">Embajadora de Palestina en Chile Mai Al Khaila<\/p>\n<p id=\"tag_5_53\">Juan Sakalha (Historiador, particip\u00f3 de la creaci\u00f3n de numerosas instituciones de la colectividad entre las cuales se cuenta la asociaci\u00f3n Chileno \u00c1rabe de cooperaci\u00f3n, en la actualidad FEARAB Chile, el Instituto Chileno \u00c1rabe de la cultura de Valpara\u00edso y vi\u00f1a del Mar, y el primer Colegio \u00c1rabe de Chile. Autor del libro &#8220;El Estado Palestino&#8221;)<\/p>\n<p id=\"tag_5_54\">\n<\/div>\n","protected":false},"excerpt":{"rendered":"<p>Durante los d\u00edas 9, 10 y 11 de noviembre se llevar\u00e1 a cabo la octava versi\u00f3n de la tradicional \u201cSemana \u00c1rabe Universitaria\u201d organizada por la Juventud \u00c1rabe por Palestina de Valdivia.<\/p>\n","protected":false},"author":1,"featured_media":440,"comment_status":"open","ping_status":"open","sticky":false,"template":"","format":"standard","meta":[],"categories":[1],"tags":[],"_links":{"self":[{"href":"https:\/\/humanidades.uach.cl\/respaldo\/wp-json\/wp\/v2\/posts\/439"}],"collection":[{"href":"https:\/\/humanidades.uach.cl\/respaldo\/wp-json\/wp\/v2\/posts"}],"about":[{"href":"https:\/\/humanidades.uach.cl\/respaldo\/wp-json\/wp\/v2\/types\/post"}],"author":[{"embeddable":true,"href":"https:\/\/humanidades.uach.cl\/respaldo\/wp-json\/wp\/v2\/users\/1"}],"replies":[{"embeddable":true,"href":"https:\/\/humanidades.uach.cl\/respaldo\/wp-json\/wp\/v2\/comments?post=439"}],"version-history":[{"count":1,"href":"https:\/\/humanidades.uach.cl\/respaldo\/wp-json\/wp\/v2\/posts\/439\/revisions"}],"predecessor-version":[{"id":441,"href":"https:\/\/humanidades.uach.cl\/respaldo\/wp-json\/wp\/v2\/posts\/439\/revisions\/441"}],"wp:featuredmedia":[{"embeddable":true,"href":"https:\/\/humanidades.uach.cl\/respaldo\/wp-json\/wp\/v2\/media\/440"}],"wp:attachment":[{"href":"https:\/\/humanidades.uach.cl\/respaldo\/wp-json\/wp\/v2\/media?parent=439"}],"wp:term":[{"taxonomy":"category","embeddable":true,"href":"https:\/\/humanidades.uach.cl\/respaldo\/wp-json\/wp\/v2\/categories?post=439"},{"taxonomy":"post_tag","embeddable":true,"href":"https:\/\/humanidades.uach.cl\/respaldo\/wp-json\/wp\/v2\/tags?post=439"}],"curies":[{"name":"wp","href":"https:\/\/api.w.org\/{rel}","templated":true}]}}