{"id":22676,"date":"2019-01-24T18:10:15","date_gmt":"2019-01-24T21:10:15","guid":{"rendered":"http:\/\/humanidades.uach.cl\/respaldo\/?p=22676"},"modified":"2019-01-24T20:41:59","modified_gmt":"2019-01-24T23:41:59","slug":"instituto-de-linguistica-y-literatura-reconocio-a-ex-academicos-en-jornada-de-dialogo-intergeneracional","status":"publish","type":"post","link":"https:\/\/humanidades.uach.cl\/respaldo\/2019\/01\/24\/instituto-de-linguistica-y-literatura-reconocio-a-ex-academicos-en-jornada-de-dialogo-intergeneracional\/","title":{"rendered":"Instituto de Ling\u00fc\u00edstica y Literatura reconoci\u00f3 a ex acad\u00e9micos en jornada de di\u00e1logo intergeneracional"},"content":{"rendered":"<p style=\"text-align: justify;\">En v\u00edas del levantamiento de un nuevo Plan Estrat\u00e9gico para el Instituto de Ling\u00fc\u00edstica y Literatura de la Facultad de Filosof\u00eda y Humanidades, es que se busc\u00f3 crear una instancia de di\u00e1logo y reencuentro con la historia de dicha unidad a trav\u00e9s de un Encuentro intergeneracional.<\/p>\n<p style=\"text-align: justify;\"><img loading=\"lazy\" class=\"size-medium wp-image-22677 alignleft\" src=\"http:\/\/humanidades.uach.cl\/respaldo\/wp-content\/uploads\/2019\/01\/RECONOCIMIENTO-DE-EXCADEMICOS-1-250x167.jpg\" alt=\"\" width=\"250\" height=\"167\" srcset=\"https:\/\/humanidades.uach.cl\/respaldo\/wp-content\/uploads\/2019\/01\/RECONOCIMIENTO-DE-EXCADEMICOS-1-250x167.jpg 250w, https:\/\/humanidades.uach.cl\/respaldo\/wp-content\/uploads\/2019\/01\/RECONOCIMIENTO-DE-EXCADEMICOS-1-768x512.jpg 768w, https:\/\/humanidades.uach.cl\/respaldo\/wp-content\/uploads\/2019\/01\/RECONOCIMIENTO-DE-EXCADEMICOS-1-800x533.jpg 800w, https:\/\/humanidades.uach.cl\/respaldo\/wp-content\/uploads\/2019\/01\/RECONOCIMIENTO-DE-EXCADEMICOS-1.jpg 2000w\" sizes=\"(max-width: 250px) 100vw, 250px\" \/>Esta instancia, permiti\u00f3 a las nuevas generaciones de docentes y acad\u00e9micos mirar hacia el pasado y replantearse el trabajo futuro, a trav\u00e9s de la voz de destacados ex acad\u00e9micos como <strong>Mar\u00eda Catrileo, Mar\u00eda Teresa Poblete, Mar\u00eda Isabel Larrea, Eduardo Rold\u00e1n, Claudio Wagner y Gustavo Rodr\u00edguez<\/strong>.<\/p>\n<p style=\"text-align: justify;\">La directora de Instituto, Dra. Claudia Rodr\u00edguez, dio a conocer que la jornada ayud\u00f3 los y las asistentes a reencontrarse con la g\u00e9nesis y los ideales de los que le dieron contorno y germen al Instituto y, por otra parte como una oportunidad para homenajear a los profesores y maestros que los antecedieron.<\/p>\n<p style=\"text-align: justify;\">\u201cEstamos con colegas que le dedicaron muchos a\u00f1os a esta Universidad y que hicieron suya la tarea de formaci\u00f3n integral de estudiantes que llegaban de distintos puntos del pa\u00eds; profesores que han hecho Escuela, en el sentido m\u00e1s amplio de la palabra, si se quiere en may\u00fascula, y formando disc\u00edpulos generaci\u00f3n tras generaci\u00f3n, en una universidad que entend\u00eda el quehacer acad\u00e9mico desde la vocaci\u00f3n de servicio, sin las presiones y exigencias del medio que hoy tenemos\u2026 Esta actividad es un gesto, un gui\u00f1o a esa forma de resistencia frente al olvido y un ejercicio necesario y amoroso de conciencia de un legado patrimonial institucional que hay que preservar. La conciencia de recibir ese legado y la de preservarlo y proyectarlo en el futuro, es la propia idea de testimonio, en su acepci\u00f3n de relato de un testigo (en este caso de seis testigos), pero tambi\u00e9n de relevo. Y son esos relatos los que queremos re-construir entre todos, en un di\u00e1logo hermanado\u201d, mencion\u00f3.<\/p>\n<p style=\"text-align: justify;\"><img loading=\"lazy\" class=\"size-medium wp-image-22679 alignright\" src=\"http:\/\/humanidades.uach.cl\/respaldo\/wp-content\/uploads\/2019\/01\/RECONOCIMIENTO-DE-EXCADEMICOS-3-250x167.jpg\" alt=\"\" width=\"250\" height=\"167\" srcset=\"https:\/\/humanidades.uach.cl\/respaldo\/wp-content\/uploads\/2019\/01\/RECONOCIMIENTO-DE-EXCADEMICOS-3-250x167.jpg 250w, https:\/\/humanidades.uach.cl\/respaldo\/wp-content\/uploads\/2019\/01\/RECONOCIMIENTO-DE-EXCADEMICOS-3-768x512.jpg 768w, https:\/\/humanidades.uach.cl\/respaldo\/wp-content\/uploads\/2019\/01\/RECONOCIMIENTO-DE-EXCADEMICOS-3-800x533.jpg 800w, https:\/\/humanidades.uach.cl\/respaldo\/wp-content\/uploads\/2019\/01\/RECONOCIMIENTO-DE-EXCADEMICOS-3.jpg 2000w\" sizes=\"(max-width: 250px) 100vw, 250px\" \/>Asimismo, la Dra. Claudia Rodr\u00edguez explic\u00f3 que la jornada consisti\u00f3, primero, en una conversaci\u00f3n amena y emotiva, en la que los acad\u00e9micos se refirieron a su paso por la Facultad, poniendo \u00e9nfasis en distintos \u00e1mbitos del quehacer universitario, como la excelencia acad\u00e9mica, la rigurosidad en la investigaci\u00f3n, la importancia de las relaciones humanas, el v\u00ednculo entre investigaci\u00f3n y docencia y con ello la relaci\u00f3n maestro \u2013disc\u00edpulo, el compromiso institucional, entre otros temas relevantes y que\u00a0 inspirar\u00e1n la reflexi\u00f3n al interior del Instituto.<\/p>\n<p style=\"text-align: justify;\"><strong>Homenaje<\/strong><\/p>\n<p style=\"text-align: justify;\">La segunda parte de la jornada consisti\u00f3 en un homenaje rendido a los acad\u00e9micos invitados, all\u00ed se present\u00f3, especialmente para esta oportunidad, el n\u00famero 37 de la Revista Documentos Ling\u00fc\u00edsticos y Literarios, con una secci\u00f3n que contempla la reedici\u00f3n de once art\u00edculos de sus autor\u00edas. La secci\u00f3n est\u00e1 dedicada a Guido Mutis, acad\u00e9mico del Instituto que cumpli\u00f3 en el 2018, diez a\u00f1os de su partida.<\/p>\n<p style=\"text-align: justify;\"><strong><a href=\"http:\/\/www.revistadll.cl\/index.php\/revistadll\/issue\/viewIssue\/Documentos%20Ling%C3%BC%C3%ADsticos%20y%20Literarios%20n%C2%B0%2037\/22\">REVISA AQU\u00cd LA EDIC\u00d3N N\u00b037<\/a>\u00a0<\/strong><\/p>\n<p style=\"text-align: justify;\"><img loading=\"lazy\" class=\"size-medium wp-image-22693 alignleft\" src=\"http:\/\/humanidades.uach.cl\/respaldo\/wp-content\/uploads\/2019\/01\/SOC-RECONOCIMIENTO-DE-EXACADEMICOS-250x152.jpg\" alt=\"\" width=\"250\" height=\"152\" srcset=\"https:\/\/humanidades.uach.cl\/respaldo\/wp-content\/uploads\/2019\/01\/SOC-RECONOCIMIENTO-DE-EXACADEMICOS-250x152.jpg 250w, https:\/\/humanidades.uach.cl\/respaldo\/wp-content\/uploads\/2019\/01\/SOC-RECONOCIMIENTO-DE-EXACADEMICOS-768x467.jpg 768w, https:\/\/humanidades.uach.cl\/respaldo\/wp-content\/uploads\/2019\/01\/SOC-RECONOCIMIENTO-DE-EXACADEMICOS-800x487.jpg 800w, https:\/\/humanidades.uach.cl\/respaldo\/wp-content\/uploads\/2019\/01\/SOC-RECONOCIMIENTO-DE-EXACADEMICOS.jpg 2000w\" sizes=\"(max-width: 250px) 100vw, 250px\" \/>Los art\u00edculos corresponden a los profesores: <strong>Iv\u00e1n Carrasco, Mar\u00eda Catrileo, Gladys Cepeda, Mar\u00eda Isabel Larrea, Mauricio Pilleux, Mar\u00eda Teresa Poblete, Carlos Ram\u00edrez, Gustavo Rodr\u00edguez, Eduardo Rold\u00e1n y Claudio Wagner<\/strong>, cuyas publicaciones originales aparecieron, principalmente, en esta misma revista, a\u00f1os atr\u00e1s y corresponden a trabajos que siguen vigentes y que son importantes volver a difundir en una revista cuyo esp\u00edritu inicial fue, precisamente, divulgar el conocimiento generado por los profesores del Instituto en la interacci\u00f3n docente y en la investigaci\u00f3n situada.<\/p>\n<p style=\"text-align: justify;\">\u201cParte del homenaje que quisimos entregar a nuestros ex acad\u00e9micos consisti\u00f3 en la lectura atenta de estos art\u00edculos por parte de los actuales profesores del Instituto de Ling\u00fc\u00edstica y Literatura, que a trav\u00e9s de Notas, comentan sobre la vigencia de aquellas investigaciones y posicionamientos cient\u00edficos\u201d, se\u00f1al\u00f3 la Directora del Instituto de Ling\u00fc\u00edstica y Literatura.<\/p>\n<p style=\"text-align: justify;\">Por su parte, el ex acad\u00e9mico y quien fuera parte de los comit\u00e9s editoriales de las publicaciones <strong>Documentos Ling\u00fc\u00edsticos y Literarios y la Revista de Estudios Filol\u00f3gicos de la Facultad de Filosof\u00eda y Humanidades, Claudio Wagner,<\/strong> agradeci\u00f3 la oportunidad de reencontrarse con sus colegas y recordar experiencias y an\u00e9cdotas de su labor como docente.<\/p>\n<p style=\"text-align: justify;\">\u201cQuiero agradecer a la Dra. Claudia Rodr\u00edguez por la invitaci\u00f3n y felicitarla por esta jornada. Ha sido un encuentro muy novedoso y \u00fatil ya que, hemos podido compartir experiencias de tiempos pasados y, por otro lado, me parece un muy buen ejercicio poder conocer el parecer de las nuevas generaciones acerca del trabajo de investigaci\u00f3n que uno realiz\u00f3; cuando uno publica en una revista cient\u00edfica es para que la gente lo lea y reflexione y en este encuentro fue posible hacer esa retroalimentaci\u00f3n\u201d, indic\u00f3.<\/p>\n<p style=\"text-align: justify;\">Finalmente, el ex acad\u00e9mico dedic\u00f3 un mensaje a los estudiantes de pedagog\u00eda, \u201cA las nuevas generaciones de profesores y profesoras les recomiendo que vayan viendo cu\u00e1les son los mejores m\u00e9todos para ejercer la docencia, y por otro lado, no olvidarse de la solidaridad, empat\u00eda y simpat\u00eda que deben cultivar con el grupo humano que se crea en la docencia, eso aliviana mucho la carga y trabajo\u201d, puntualiz\u00f3.<\/p>\n<p style=\"text-align: justify;\">El Encuentro culmin\u00f3 con la entrega de unos presentes y un c\u00f3ctel de camarader\u00eda, y con la idea de realizar nuevos encuentros sostenidos en el tiempo, que permitan un verdadero di\u00e1logo y trabajo intergeneracional.<\/p>\n<p><img loading=\"lazy\" class=\"alignnone size-medium wp-image-22677\" src=\"http:\/\/humanidades.uach.cl\/respaldo\/wp-content\/uploads\/2019\/01\/RECONOCIMIENTO-DE-EXCADEMICOS-1-250x167.jpg\" alt=\"\" width=\"250\" height=\"167\" srcset=\"https:\/\/humanidades.uach.cl\/respaldo\/wp-content\/uploads\/2019\/01\/RECONOCIMIENTO-DE-EXCADEMICOS-1-250x167.jpg 250w, https:\/\/humanidades.uach.cl\/respaldo\/wp-content\/uploads\/2019\/01\/RECONOCIMIENTO-DE-EXCADEMICOS-1-768x512.jpg 768w, https:\/\/humanidades.uach.cl\/respaldo\/wp-content\/uploads\/2019\/01\/RECONOCIMIENTO-DE-EXCADEMICOS-1-800x533.jpg 800w, https:\/\/humanidades.uach.cl\/respaldo\/wp-content\/uploads\/2019\/01\/RECONOCIMIENTO-DE-EXCADEMICOS-1.jpg 2000w\" sizes=\"(max-width: 250px) 100vw, 250px\" \/> <img loading=\"lazy\" class=\"alignnone size-medium wp-image-22678\" src=\"http:\/\/humanidades.uach.cl\/respaldo\/wp-content\/uploads\/2019\/01\/RECONOCIMIENTO-DE-EXCADEMICOS-2-250x167.jpg\" alt=\"\" width=\"250\" height=\"167\" srcset=\"https:\/\/humanidades.uach.cl\/respaldo\/wp-content\/uploads\/2019\/01\/RECONOCIMIENTO-DE-EXCADEMICOS-2-250x167.jpg 250w, https:\/\/humanidades.uach.cl\/respaldo\/wp-content\/uploads\/2019\/01\/RECONOCIMIENTO-DE-EXCADEMICOS-2-768x512.jpg 768w, https:\/\/humanidades.uach.cl\/respaldo\/wp-content\/uploads\/2019\/01\/RECONOCIMIENTO-DE-EXCADEMICOS-2-800x533.jpg 800w, https:\/\/humanidades.uach.cl\/respaldo\/wp-content\/uploads\/2019\/01\/RECONOCIMIENTO-DE-EXCADEMICOS-2.jpg 1999w\" sizes=\"(max-width: 250px) 100vw, 250px\" \/> <img loading=\"lazy\" class=\"alignnone size-medium wp-image-22679\" src=\"http:\/\/humanidades.uach.cl\/respaldo\/wp-content\/uploads\/2019\/01\/RECONOCIMIENTO-DE-EXCADEMICOS-3-250x167.jpg\" alt=\"\" width=\"250\" height=\"167\" srcset=\"https:\/\/humanidades.uach.cl\/respaldo\/wp-content\/uploads\/2019\/01\/RECONOCIMIENTO-DE-EXCADEMICOS-3-250x167.jpg 250w, https:\/\/humanidades.uach.cl\/respaldo\/wp-content\/uploads\/2019\/01\/RECONOCIMIENTO-DE-EXCADEMICOS-3-768x512.jpg 768w, https:\/\/humanidades.uach.cl\/respaldo\/wp-content\/uploads\/2019\/01\/RECONOCIMIENTO-DE-EXCADEMICOS-3-800x533.jpg 800w, https:\/\/humanidades.uach.cl\/respaldo\/wp-content\/uploads\/2019\/01\/RECONOCIMIENTO-DE-EXCADEMICOS-3.jpg 2000w\" sizes=\"(max-width: 250px) 100vw, 250px\" \/> <img loading=\"lazy\" class=\"alignnone size-medium wp-image-22680\" src=\"http:\/\/humanidades.uach.cl\/respaldo\/wp-content\/uploads\/2019\/01\/RECONOCIMIENTO-DE-EXCADEMICOS-4-250x167.jpg\" alt=\"\" width=\"250\" height=\"167\" srcset=\"https:\/\/humanidades.uach.cl\/respaldo\/wp-content\/uploads\/2019\/01\/RECONOCIMIENTO-DE-EXCADEMICOS-4-250x167.jpg 250w, https:\/\/humanidades.uach.cl\/respaldo\/wp-content\/uploads\/2019\/01\/RECONOCIMIENTO-DE-EXCADEMICOS-4-768x512.jpg 768w, https:\/\/humanidades.uach.cl\/respaldo\/wp-content\/uploads\/2019\/01\/RECONOCIMIENTO-DE-EXCADEMICOS-4-800x533.jpg 800w, https:\/\/humanidades.uach.cl\/respaldo\/wp-content\/uploads\/2019\/01\/RECONOCIMIENTO-DE-EXCADEMICOS-4.jpg 2000w\" sizes=\"(max-width: 250px) 100vw, 250px\" \/> <img loading=\"lazy\" class=\"alignnone size-medium wp-image-22681\" src=\"http:\/\/humanidades.uach.cl\/respaldo\/wp-content\/uploads\/2019\/01\/RECONOCIMIENTO-DE-EXCADEMICOS-5-250x167.jpg\" alt=\"\" width=\"250\" height=\"167\" srcset=\"https:\/\/humanidades.uach.cl\/respaldo\/wp-content\/uploads\/2019\/01\/RECONOCIMIENTO-DE-EXCADEMICOS-5-250x167.jpg 250w, https:\/\/humanidades.uach.cl\/respaldo\/wp-content\/uploads\/2019\/01\/RECONOCIMIENTO-DE-EXCADEMICOS-5-768x512.jpg 768w, https:\/\/humanidades.uach.cl\/respaldo\/wp-content\/uploads\/2019\/01\/RECONOCIMIENTO-DE-EXCADEMICOS-5-800x533.jpg 800w, https:\/\/humanidades.uach.cl\/respaldo\/wp-content\/uploads\/2019\/01\/RECONOCIMIENTO-DE-EXCADEMICOS-5.jpg 1999w\" sizes=\"(max-width: 250px) 100vw, 250px\" \/> <img loading=\"lazy\" class=\"alignnone size-medium wp-image-22682\" src=\"http:\/\/humanidades.uach.cl\/respaldo\/wp-content\/uploads\/2019\/01\/RECONOCIMIENTO-DE-EXCADEMICOS-6-250x167.jpg\" alt=\"\" width=\"250\" height=\"167\" srcset=\"https:\/\/humanidades.uach.cl\/respaldo\/wp-content\/uploads\/2019\/01\/RECONOCIMIENTO-DE-EXCADEMICOS-6-250x167.jpg 250w, https:\/\/humanidades.uach.cl\/respaldo\/wp-content\/uploads\/2019\/01\/RECONOCIMIENTO-DE-EXCADEMICOS-6-768x512.jpg 768w, https:\/\/humanidades.uach.cl\/respaldo\/wp-content\/uploads\/2019\/01\/RECONOCIMIENTO-DE-EXCADEMICOS-6-800x533.jpg 800w, https:\/\/humanidades.uach.cl\/respaldo\/wp-content\/uploads\/2019\/01\/RECONOCIMIENTO-DE-EXCADEMICOS-6.jpg 2000w\" sizes=\"(max-width: 250px) 100vw, 250px\" \/> <img loading=\"lazy\" class=\"alignnone size-medium wp-image-22683\" src=\"http:\/\/humanidades.uach.cl\/respaldo\/wp-content\/uploads\/2019\/01\/RECONOCIMIENTO-DE-EXCADEMICOS-7-250x167.jpg\" alt=\"\" width=\"250\" height=\"167\" srcset=\"https:\/\/humanidades.uach.cl\/respaldo\/wp-content\/uploads\/2019\/01\/RECONOCIMIENTO-DE-EXCADEMICOS-7-250x167.jpg 250w, https:\/\/humanidades.uach.cl\/respaldo\/wp-content\/uploads\/2019\/01\/RECONOCIMIENTO-DE-EXCADEMICOS-7-768x512.jpg 768w, https:\/\/humanidades.uach.cl\/respaldo\/wp-content\/uploads\/2019\/01\/RECONOCIMIENTO-DE-EXCADEMICOS-7-800x533.jpg 800w, https:\/\/humanidades.uach.cl\/respaldo\/wp-content\/uploads\/2019\/01\/RECONOCIMIENTO-DE-EXCADEMICOS-7.jpg 2000w\" sizes=\"(max-width: 250px) 100vw, 250px\" \/> <img loading=\"lazy\" class=\"alignnone size-medium wp-image-22684\" src=\"http:\/\/humanidades.uach.cl\/respaldo\/wp-content\/uploads\/2019\/01\/RECONOCIMIENTO-DE-EXCADEMICOS-8-250x167.jpg\" alt=\"\" width=\"250\" height=\"167\" srcset=\"https:\/\/humanidades.uach.cl\/respaldo\/wp-content\/uploads\/2019\/01\/RECONOCIMIENTO-DE-EXCADEMICOS-8-250x167.jpg 250w, https:\/\/humanidades.uach.cl\/respaldo\/wp-content\/uploads\/2019\/01\/RECONOCIMIENTO-DE-EXCADEMICOS-8-768x512.jpg 768w, https:\/\/humanidades.uach.cl\/respaldo\/wp-content\/uploads\/2019\/01\/RECONOCIMIENTO-DE-EXCADEMICOS-8-800x533.jpg 800w, https:\/\/humanidades.uach.cl\/respaldo\/wp-content\/uploads\/2019\/01\/RECONOCIMIENTO-DE-EXCADEMICOS-8.jpg 1999w\" sizes=\"(max-width: 250px) 100vw, 250px\" \/> <img loading=\"lazy\" class=\"alignnone size-medium wp-image-22685\" src=\"http:\/\/humanidades.uach.cl\/respaldo\/wp-content\/uploads\/2019\/01\/RECONOCIMIENTO-DE-EXCADEMICOS-9-250x167.jpg\" alt=\"\" width=\"250\" height=\"167\" srcset=\"https:\/\/humanidades.uach.cl\/respaldo\/wp-content\/uploads\/2019\/01\/RECONOCIMIENTO-DE-EXCADEMICOS-9-250x167.jpg 250w, https:\/\/humanidades.uach.cl\/respaldo\/wp-content\/uploads\/2019\/01\/RECONOCIMIENTO-DE-EXCADEMICOS-9-768x512.jpg 768w, https:\/\/humanidades.uach.cl\/respaldo\/wp-content\/uploads\/2019\/01\/RECONOCIMIENTO-DE-EXCADEMICOS-9-800x533.jpg 800w, https:\/\/humanidades.uach.cl\/respaldo\/wp-content\/uploads\/2019\/01\/RECONOCIMIENTO-DE-EXCADEMICOS-9.jpg 2000w\" sizes=\"(max-width: 250px) 100vw, 250px\" \/> <img loading=\"lazy\" class=\"alignnone size-medium wp-image-22686\" src=\"http:\/\/humanidades.uach.cl\/respaldo\/wp-content\/uploads\/2019\/01\/RECONOCIMIENTO-DE-EXCADEMICOS-10-250x167.jpg\" alt=\"\" width=\"250\" height=\"167\" srcset=\"https:\/\/humanidades.uach.cl\/respaldo\/wp-content\/uploads\/2019\/01\/RECONOCIMIENTO-DE-EXCADEMICOS-10-250x167.jpg 250w, https:\/\/humanidades.uach.cl\/respaldo\/wp-content\/uploads\/2019\/01\/RECONOCIMIENTO-DE-EXCADEMICOS-10-768x512.jpg 768w, https:\/\/humanidades.uach.cl\/respaldo\/wp-content\/uploads\/2019\/01\/RECONOCIMIENTO-DE-EXCADEMICOS-10-800x533.jpg 800w, https:\/\/humanidades.uach.cl\/respaldo\/wp-content\/uploads\/2019\/01\/RECONOCIMIENTO-DE-EXCADEMICOS-10.jpg 1999w\" sizes=\"(max-width: 250px) 100vw, 250px\" \/> <img loading=\"lazy\" class=\"alignnone size-medium wp-image-22687\" src=\"http:\/\/humanidades.uach.cl\/respaldo\/wp-content\/uploads\/2019\/01\/RECONOCIMIENTO-DE-EXCADEMICOS-11-250x167.jpg\" alt=\"\" width=\"250\" height=\"167\" srcset=\"https:\/\/humanidades.uach.cl\/respaldo\/wp-content\/uploads\/2019\/01\/RECONOCIMIENTO-DE-EXCADEMICOS-11-250x167.jpg 250w, https:\/\/humanidades.uach.cl\/respaldo\/wp-content\/uploads\/2019\/01\/RECONOCIMIENTO-DE-EXCADEMICOS-11-768x512.jpg 768w, https:\/\/humanidades.uach.cl\/respaldo\/wp-content\/uploads\/2019\/01\/RECONOCIMIENTO-DE-EXCADEMICOS-11-800x533.jpg 800w, https:\/\/humanidades.uach.cl\/respaldo\/wp-content\/uploads\/2019\/01\/RECONOCIMIENTO-DE-EXCADEMICOS-11.jpg 2000w\" sizes=\"(max-width: 250px) 100vw, 250px\" \/> <img loading=\"lazy\" class=\"alignnone size-medium wp-image-22688\" src=\"http:\/\/humanidades.uach.cl\/respaldo\/wp-content\/uploads\/2019\/01\/RECONOCIMIENTO-DE-EXCADEMICOS-12-250x167.jpg\" alt=\"\" width=\"250\" height=\"167\" srcset=\"https:\/\/humanidades.uach.cl\/respaldo\/wp-content\/uploads\/2019\/01\/RECONOCIMIENTO-DE-EXCADEMICOS-12-250x167.jpg 250w, https:\/\/humanidades.uach.cl\/respaldo\/wp-content\/uploads\/2019\/01\/RECONOCIMIENTO-DE-EXCADEMICOS-12-768x512.jpg 768w, https:\/\/humanidades.uach.cl\/respaldo\/wp-content\/uploads\/2019\/01\/RECONOCIMIENTO-DE-EXCADEMICOS-12-800x533.jpg 800w, https:\/\/humanidades.uach.cl\/respaldo\/wp-content\/uploads\/2019\/01\/RECONOCIMIENTO-DE-EXCADEMICOS-12.jpg 2000w\" sizes=\"(max-width: 250px) 100vw, 250px\" \/> <img loading=\"lazy\" class=\"alignnone size-medium wp-image-22689\" src=\"http:\/\/humanidades.uach.cl\/respaldo\/wp-content\/uploads\/2019\/01\/RECONOCIMIENTO-DE-EXCADEMICOS-13-250x167.jpg\" alt=\"\" width=\"250\" height=\"167\" srcset=\"https:\/\/humanidades.uach.cl\/respaldo\/wp-content\/uploads\/2019\/01\/RECONOCIMIENTO-DE-EXCADEMICOS-13-250x167.jpg 250w, https:\/\/humanidades.uach.cl\/respaldo\/wp-content\/uploads\/2019\/01\/RECONOCIMIENTO-DE-EXCADEMICOS-13-768x512.jpg 768w, https:\/\/humanidades.uach.cl\/respaldo\/wp-content\/uploads\/2019\/01\/RECONOCIMIENTO-DE-EXCADEMICOS-13-800x533.jpg 800w, https:\/\/humanidades.uach.cl\/respaldo\/wp-content\/uploads\/2019\/01\/RECONOCIMIENTO-DE-EXCADEMICOS-13.jpg 2000w\" sizes=\"(max-width: 250px) 100vw, 250px\" \/> <img loading=\"lazy\" class=\"alignnone size-medium wp-image-22690\" src=\"http:\/\/humanidades.uach.cl\/respaldo\/wp-content\/uploads\/2019\/01\/RECONOCIMIENTO-DE-EXCADEMICOS-14-250x167.jpg\" alt=\"\" width=\"250\" height=\"167\" srcset=\"https:\/\/humanidades.uach.cl\/respaldo\/wp-content\/uploads\/2019\/01\/RECONOCIMIENTO-DE-EXCADEMICOS-14-250x167.jpg 250w, https:\/\/humanidades.uach.cl\/respaldo\/wp-content\/uploads\/2019\/01\/RECONOCIMIENTO-DE-EXCADEMICOS-14-768x512.jpg 768w, https:\/\/humanidades.uach.cl\/respaldo\/wp-content\/uploads\/2019\/01\/RECONOCIMIENTO-DE-EXCADEMICOS-14-800x533.jpg 800w, https:\/\/humanidades.uach.cl\/respaldo\/wp-content\/uploads\/2019\/01\/RECONOCIMIENTO-DE-EXCADEMICOS-14.jpg 1999w\" sizes=\"(max-width: 250px) 100vw, 250px\" \/> <img loading=\"lazy\" class=\"alignnone size-medium wp-image-22691\" src=\"http:\/\/humanidades.uach.cl\/respaldo\/wp-content\/uploads\/2019\/01\/RECONOCIMIENTO-DE-EXCADEMICOS-15-250x167.jpg\" alt=\"\" width=\"250\" height=\"167\" srcset=\"https:\/\/humanidades.uach.cl\/respaldo\/wp-content\/uploads\/2019\/01\/RECONOCIMIENTO-DE-EXCADEMICOS-15-250x167.jpg 250w, https:\/\/humanidades.uach.cl\/respaldo\/wp-content\/uploads\/2019\/01\/RECONOCIMIENTO-DE-EXCADEMICOS-15-768x512.jpg 768w, https:\/\/humanidades.uach.cl\/respaldo\/wp-content\/uploads\/2019\/01\/RECONOCIMIENTO-DE-EXCADEMICOS-15-800x533.jpg 800w, https:\/\/humanidades.uach.cl\/respaldo\/wp-content\/uploads\/2019\/01\/RECONOCIMIENTO-DE-EXCADEMICOS-15.jpg 2000w\" sizes=\"(max-width: 250px) 100vw, 250px\" \/> <img loading=\"lazy\" class=\"alignnone size-medium wp-image-22692\" src=\"http:\/\/humanidades.uach.cl\/respaldo\/wp-content\/uploads\/2019\/01\/RECONOCIMIENTO-DE-EXCADEMICOS-16-250x167.jpg\" alt=\"\" width=\"250\" height=\"167\" srcset=\"https:\/\/humanidades.uach.cl\/respaldo\/wp-content\/uploads\/2019\/01\/RECONOCIMIENTO-DE-EXCADEMICOS-16-250x167.jpg 250w, https:\/\/humanidades.uach.cl\/respaldo\/wp-content\/uploads\/2019\/01\/RECONOCIMIENTO-DE-EXCADEMICOS-16-768x512.jpg 768w, https:\/\/humanidades.uach.cl\/respaldo\/wp-content\/uploads\/2019\/01\/RECONOCIMIENTO-DE-EXCADEMICOS-16-800x533.jpg 800w, https:\/\/humanidades.uach.cl\/respaldo\/wp-content\/uploads\/2019\/01\/RECONOCIMIENTO-DE-EXCADEMICOS-16.jpg 2000w\" sizes=\"(max-width: 250px) 100vw, 250px\" \/> <img loading=\"lazy\" class=\"alignnone size-medium wp-image-22693\" src=\"http:\/\/humanidades.uach.cl\/respaldo\/wp-content\/uploads\/2019\/01\/SOC-RECONOCIMIENTO-DE-EXACADEMICOS-250x152.jpg\" alt=\"\" width=\"250\" height=\"152\" srcset=\"https:\/\/humanidades.uach.cl\/respaldo\/wp-content\/uploads\/2019\/01\/SOC-RECONOCIMIENTO-DE-EXACADEMICOS-250x152.jpg 250w, https:\/\/humanidades.uach.cl\/respaldo\/wp-content\/uploads\/2019\/01\/SOC-RECONOCIMIENTO-DE-EXACADEMICOS-768x467.jpg 768w, https:\/\/humanidades.uach.cl\/respaldo\/wp-content\/uploads\/2019\/01\/SOC-RECONOCIMIENTO-DE-EXACADEMICOS-800x487.jpg 800w, https:\/\/humanidades.uach.cl\/respaldo\/wp-content\/uploads\/2019\/01\/SOC-RECONOCIMIENTO-DE-EXACADEMICOS.jpg 2000w\" sizes=\"(max-width: 250px) 100vw, 250px\" \/> <img loading=\"lazy\" class=\"alignnone size-medium wp-image-22694\" src=\"http:\/\/humanidades.uach.cl\/respaldo\/wp-content\/uploads\/2019\/01\/SOC-RECONOCIMIENTO-DE-EXACADEMICOS-2-250x153.jpg\" alt=\"\" width=\"250\" height=\"153\" srcset=\"https:\/\/humanidades.uach.cl\/respaldo\/wp-content\/uploads\/2019\/01\/SOC-RECONOCIMIENTO-DE-EXACADEMICOS-2-250x153.jpg 250w, https:\/\/humanidades.uach.cl\/respaldo\/wp-content\/uploads\/2019\/01\/SOC-RECONOCIMIENTO-DE-EXACADEMICOS-2-768x470.jpg 768w, https:\/\/humanidades.uach.cl\/respaldo\/wp-content\/uploads\/2019\/01\/SOC-RECONOCIMIENTO-DE-EXACADEMICOS-2-800x489.jpg 800w, https:\/\/humanidades.uach.cl\/respaldo\/wp-content\/uploads\/2019\/01\/SOC-RECONOCIMIENTO-DE-EXACADEMICOS-2.jpg 1999w\" sizes=\"(max-width: 250px) 100vw, 250px\" \/> <img loading=\"lazy\" class=\"alignnone size-medium wp-image-22695\" src=\"http:\/\/humanidades.uach.cl\/respaldo\/wp-content\/uploads\/2019\/01\/SOC-RECONOCIMIENTO-DE-EXACADEMICOS-3-250x167.jpg\" alt=\"\" width=\"250\" height=\"167\" srcset=\"https:\/\/humanidades.uach.cl\/respaldo\/wp-content\/uploads\/2019\/01\/SOC-RECONOCIMIENTO-DE-EXACADEMICOS-3-250x167.jpg 250w, https:\/\/humanidades.uach.cl\/respaldo\/wp-content\/uploads\/2019\/01\/SOC-RECONOCIMIENTO-DE-EXACADEMICOS-3-768x512.jpg 768w, https:\/\/humanidades.uach.cl\/respaldo\/wp-content\/uploads\/2019\/01\/SOC-RECONOCIMIENTO-DE-EXACADEMICOS-3-800x533.jpg 800w, https:\/\/humanidades.uach.cl\/respaldo\/wp-content\/uploads\/2019\/01\/SOC-RECONOCIMIENTO-DE-EXACADEMICOS-3.jpg 2000w\" sizes=\"(max-width: 250px) 100vw, 250px\" \/> <img loading=\"lazy\" class=\"alignnone size-medium wp-image-22696\" src=\"http:\/\/humanidades.uach.cl\/respaldo\/wp-content\/uploads\/2019\/01\/SOC-RECONOCIMIENTO-DE-EXACADEMICOS-4-250x167.jpg\" alt=\"\" width=\"250\" height=\"167\" srcset=\"https:\/\/humanidades.uach.cl\/respaldo\/wp-content\/uploads\/2019\/01\/SOC-RECONOCIMIENTO-DE-EXACADEMICOS-4-250x167.jpg 250w, https:\/\/humanidades.uach.cl\/respaldo\/wp-content\/uploads\/2019\/01\/SOC-RECONOCIMIENTO-DE-EXACADEMICOS-4-768x512.jpg 768w, https:\/\/humanidades.uach.cl\/respaldo\/wp-content\/uploads\/2019\/01\/SOC-RECONOCIMIENTO-DE-EXACADEMICOS-4-800x533.jpg 800w, https:\/\/humanidades.uach.cl\/respaldo\/wp-content\/uploads\/2019\/01\/SOC-RECONOCIMIENTO-DE-EXACADEMICOS-4.jpg 2000w\" sizes=\"(max-width: 250px) 100vw, 250px\" \/> <img loading=\"lazy\" class=\"alignnone size-medium wp-image-22697\" src=\"http:\/\/humanidades.uach.cl\/respaldo\/wp-content\/uploads\/2019\/01\/SOC-RECONOCIMIENTO-DE-EXACADEMICOS-5-250x167.jpg\" alt=\"\" width=\"250\" height=\"167\" srcset=\"https:\/\/humanidades.uach.cl\/respaldo\/wp-content\/uploads\/2019\/01\/SOC-RECONOCIMIENTO-DE-EXACADEMICOS-5-250x167.jpg 250w, https:\/\/humanidades.uach.cl\/respaldo\/wp-content\/uploads\/2019\/01\/SOC-RECONOCIMIENTO-DE-EXACADEMICOS-5-768x512.jpg 768w, https:\/\/humanidades.uach.cl\/respaldo\/wp-content\/uploads\/2019\/01\/SOC-RECONOCIMIENTO-DE-EXACADEMICOS-5-800x533.jpg 800w, https:\/\/humanidades.uach.cl\/respaldo\/wp-content\/uploads\/2019\/01\/SOC-RECONOCIMIENTO-DE-EXACADEMICOS-5.jpg 2000w\" sizes=\"(max-width: 250px) 100vw, 250px\" \/> <img loading=\"lazy\" class=\"alignnone size-medium wp-image-22698\" src=\"http:\/\/humanidades.uach.cl\/respaldo\/wp-content\/uploads\/2019\/01\/SOC-RECONOCIMIENTO-DE-EXACADEMICOS-6-250x167.jpg\" alt=\"\" width=\"250\" height=\"167\" srcset=\"https:\/\/humanidades.uach.cl\/respaldo\/wp-content\/uploads\/2019\/01\/SOC-RECONOCIMIENTO-DE-EXACADEMICOS-6-250x167.jpg 250w, https:\/\/humanidades.uach.cl\/respaldo\/wp-content\/uploads\/2019\/01\/SOC-RECONOCIMIENTO-DE-EXACADEMICOS-6-768x512.jpg 768w, https:\/\/humanidades.uach.cl\/respaldo\/wp-content\/uploads\/2019\/01\/SOC-RECONOCIMIENTO-DE-EXACADEMICOS-6-800x533.jpg 800w, https:\/\/humanidades.uach.cl\/respaldo\/wp-content\/uploads\/2019\/01\/SOC-RECONOCIMIENTO-DE-EXACADEMICOS-6.jpg 1999w\" sizes=\"(max-width: 250px) 100vw, 250px\" \/> <img loading=\"lazy\" class=\"alignnone size-medium wp-image-22699\" src=\"http:\/\/humanidades.uach.cl\/respaldo\/wp-content\/uploads\/2019\/01\/SOC-RECONOCIMIENTO-DE-EXACADEMICOS-7-250x167.jpg\" alt=\"\" width=\"250\" height=\"167\" srcset=\"https:\/\/humanidades.uach.cl\/respaldo\/wp-content\/uploads\/2019\/01\/SOC-RECONOCIMIENTO-DE-EXACADEMICOS-7-250x167.jpg 250w, https:\/\/humanidades.uach.cl\/respaldo\/wp-content\/uploads\/2019\/01\/SOC-RECONOCIMIENTO-DE-EXACADEMICOS-7-768x512.jpg 768w, https:\/\/humanidades.uach.cl\/respaldo\/wp-content\/uploads\/2019\/01\/SOC-RECONOCIMIENTO-DE-EXACADEMICOS-7-800x533.jpg 800w, https:\/\/humanidades.uach.cl\/respaldo\/wp-content\/uploads\/2019\/01\/SOC-RECONOCIMIENTO-DE-EXACADEMICOS-7.jpg 2000w\" sizes=\"(max-width: 250px) 100vw, 250px\" \/> <img loading=\"lazy\" class=\"alignnone size-medium wp-image-22700\" src=\"http:\/\/humanidades.uach.cl\/respaldo\/wp-content\/uploads\/2019\/01\/SOC-RECONOCIMIENTO-DE-EXACADEMICOS-8-250x167.jpg\" alt=\"\" width=\"250\" height=\"167\" srcset=\"https:\/\/humanidades.uach.cl\/respaldo\/wp-content\/uploads\/2019\/01\/SOC-RECONOCIMIENTO-DE-EXACADEMICOS-8-250x167.jpg 250w, https:\/\/humanidades.uach.cl\/respaldo\/wp-content\/uploads\/2019\/01\/SOC-RECONOCIMIENTO-DE-EXACADEMICOS-8-768x512.jpg 768w, https:\/\/humanidades.uach.cl\/respaldo\/wp-content\/uploads\/2019\/01\/SOC-RECONOCIMIENTO-DE-EXACADEMICOS-8-800x533.jpg 800w, https:\/\/humanidades.uach.cl\/respaldo\/wp-content\/uploads\/2019\/01\/SOC-RECONOCIMIENTO-DE-EXACADEMICOS-8.jpg 2000w\" sizes=\"(max-width: 250px) 100vw, 250px\" \/> <img loading=\"lazy\" class=\"alignnone size-medium wp-image-22701\" src=\"http:\/\/humanidades.uach.cl\/respaldo\/wp-content\/uploads\/2019\/01\/SOC-RECONOCIMIENTO-DE-EXACADEMICOS-9-250x167.jpg\" alt=\"\" width=\"250\" height=\"167\" srcset=\"https:\/\/humanidades.uach.cl\/respaldo\/wp-content\/uploads\/2019\/01\/SOC-RECONOCIMIENTO-DE-EXACADEMICOS-9-250x167.jpg 250w, https:\/\/humanidades.uach.cl\/respaldo\/wp-content\/uploads\/2019\/01\/SOC-RECONOCIMIENTO-DE-EXACADEMICOS-9-768x512.jpg 768w, https:\/\/humanidades.uach.cl\/respaldo\/wp-content\/uploads\/2019\/01\/SOC-RECONOCIMIENTO-DE-EXACADEMICOS-9-800x533.jpg 800w, https:\/\/humanidades.uach.cl\/respaldo\/wp-content\/uploads\/2019\/01\/SOC-RECONOCIMIENTO-DE-EXACADEMICOS-9.jpg 2000w\" sizes=\"(max-width: 250px) 100vw, 250px\" \/><\/p>\n<p style=\"text-align: justify;\">\n","protected":false},"excerpt":{"rendered":"<p>La actividad se llev\u00f3 a cabo en el marco del Claustro del Instituto de Ling\u00fc\u00edstica y Literatura, desarrollado los d\u00edas 22 y 23 de enero, en el Hotel Puerta del Sur.<\/p>\n","protected":false},"author":17,"featured_media":22693,"comment_status":"closed","ping_status":"closed","sticky":false,"template":"","format":"standard","meta":[],"categories":[1,1470],"tags":[404,3360,3359,2249],"_links":{"self":[{"href":"https:\/\/humanidades.uach.cl\/respaldo\/wp-json\/wp\/v2\/posts\/22676"}],"collection":[{"href":"https:\/\/humanidades.uach.cl\/respaldo\/wp-json\/wp\/v2\/posts"}],"about":[{"href":"https:\/\/humanidades.uach.cl\/respaldo\/wp-json\/wp\/v2\/types\/post"}],"author":[{"embeddable":true,"href":"https:\/\/humanidades.uach.cl\/respaldo\/wp-json\/wp\/v2\/users\/17"}],"replies":[{"embeddable":true,"href":"https:\/\/humanidades.uach.cl\/respaldo\/wp-json\/wp\/v2\/comments?post=22676"}],"version-history":[{"count":4,"href":"https:\/\/humanidades.uach.cl\/respaldo\/wp-json\/wp\/v2\/posts\/22676\/revisions"}],"predecessor-version":[{"id":22707,"href":"https:\/\/humanidades.uach.cl\/respaldo\/wp-json\/wp\/v2\/posts\/22676\/revisions\/22707"}],"wp:featuredmedia":[{"embeddable":true,"href":"https:\/\/humanidades.uach.cl\/respaldo\/wp-json\/wp\/v2\/media\/22693"}],"wp:attachment":[{"href":"https:\/\/humanidades.uach.cl\/respaldo\/wp-json\/wp\/v2\/media?parent=22676"}],"wp:term":[{"taxonomy":"category","embeddable":true,"href":"https:\/\/humanidades.uach.cl\/respaldo\/wp-json\/wp\/v2\/categories?post=22676"},{"taxonomy":"post_tag","embeddable":true,"href":"https:\/\/humanidades.uach.cl\/respaldo\/wp-json\/wp\/v2\/tags?post=22676"}],"curies":[{"name":"wp","href":"https:\/\/api.w.org\/{rel}","templated":true}]}}