{"id":21593,"date":"2018-10-17T12:59:31","date_gmt":"2018-10-17T15:59:31","guid":{"rendered":"http:\/\/humanidades.uach.cl\/respaldo\/?p=21593"},"modified":"2018-10-17T12:59:31","modified_gmt":"2018-10-17T15:59:31","slug":"formacion-de-clases-y-post-neoliberalismo-se-debatiran-en-conferencia","status":"publish","type":"post","link":"https:\/\/humanidades.uach.cl\/respaldo\/2018\/10\/17\/formacion-de-clases-y-post-neoliberalismo-se-debatiran-en-conferencia\/","title":{"rendered":"Formaci\u00f3n de clases y post neoliberalismo se debatir\u00e1n en conferencia"},"content":{"rendered":"<p style=\"text-align: justify;\"><a href=\"http:\/\/humanidades.uach.cl\/respaldo\/2018\/10\/17\/formacion-de-clases-y-post-neoliberalismo-se-debatiran-en-conferencia\/afiche6tacatedra\/\" rel=\"attachment wp-att-21594\"><img loading=\"lazy\" class=\"alignleft size-medium wp-image-21594\" src=\"http:\/\/humanidades.uach.cl\/respaldo\/wp-content\/uploads\/2018\/10\/Afiche6taCatedra-250x364.jpg\" alt=\"\" width=\"250\" height=\"364\" srcset=\"https:\/\/humanidades.uach.cl\/respaldo\/wp-content\/uploads\/2018\/10\/Afiche6taCatedra-250x364.jpg 250w, https:\/\/humanidades.uach.cl\/respaldo\/wp-content\/uploads\/2018\/10\/Afiche6taCatedra-768x1117.jpg 768w, https:\/\/humanidades.uach.cl\/respaldo\/wp-content\/uploads\/2018\/10\/Afiche6taCatedra-412x600.jpg 412w, https:\/\/humanidades.uach.cl\/respaldo\/wp-content\/uploads\/2018\/10\/Afiche6taCatedra.jpg 1500w\" sizes=\"(max-width: 250px) 100vw, 250px\" \/><\/a>Titulada &#8220;<strong>Neoextractivismo, formaciones de clase y post-neoliberalismo en Latinoam\u00e9rica<\/strong>&#8220;, la conferencia la dictar\u00e1 el polit\u00f3logo y antrop\u00f3logo espa\u00f1ol, Dr. Luis Fernando Angosto el pr\u00f3ximo jueves, a las <strong>19 horas<\/strong>.<\/p>\n<p style=\"text-align: justify;\">El acad\u00e9mico de la Universidad de Sydney se encuentra en Chile invitado por un proyecto Fondap sobre pol\u00edtica ind\u00edgena. La c\u00e1tedra ser\u00e1 presentada y comentada por el periodista y Mag\u00edster en Pol\u00edticas de Bienestar por la Universidad de \u00c9vora y Universidad Aut\u00f3noma de Barcelona, V\u00edctor Godoi Mill\u00e1n.<\/p>\n<p style=\"text-align: justify;\">El profesor de Antropolog\u00eda y Estudios Latinoamericanos en la Universidad de Sydney, se especializa en antropolog\u00eda pol\u00edtica y es autor de &#8220;<strong>Venezuela Reenmarcada<\/strong>&#8221; (Zed; 2015). Ha editado &#8220;<strong>Democracia, revoluci\u00f3n y geopol\u00edtica en Latinoam\u00e9rica<\/strong>&#8221; (Routledge; 2014), &#8220;<strong>Las pol\u00edticas de identidad en los censos Latinoamericanos<\/strong>&#8221; (Routledge; 2016) y &#8220;<strong>Antropolog\u00edas del Valor<\/strong>&#8221; (Pluto; 2016). Ha publicado art\u00edculos cient\u00edficos en Am\u00e9rica Latina Hoy, Antropol\u00f3gica, Revista Colombiana de Antropolog\u00eda, Anthropology Today y Latin American Perspectives, entre otras revistas. Tambi\u00e9n ha publicado piezas de an\u00e1lisis de coyuntura y opini\u00f3n en peri\u00f3dicos como Publico.es, Nuevatribuna.es y en blogs como Progress in Political Economy.<\/p>\n<p style=\"text-align: justify;\">Esta actividad responde a una larga tradici\u00f3n en la Universidad Austral de Chile de cultivar las humanidades y las ciencias sociales. Desde sus or\u00edgenes en 1954 hasta la fecha, han sido significativas y numerosas las contribuciones que, a trav\u00e9s de sus acad\u00e9micos y acad\u00e9micas, han aportado para la comprensi\u00f3n y el an\u00e1lisis de fen\u00f3menos y problem\u00e1ticas notablemente relevantes en diversas escalas territoriales. El despliegue de estas disciplinas se ha producido en los tres grandes \u00e1mbitos de la vida acad\u00e9mica: la docencia, la investigaci\u00f3n y la vinculaci\u00f3n con la sociedad.<\/p>\n<p style=\"text-align: justify;\">En este marco, siguiendo los lineamientos del actual Plan Estrat\u00e9gico de la Facultad de Filosof\u00eda y Humanidades (2016-2019), y considerando el vasto desarrollo de especialidades como la educaci\u00f3n, la filosof\u00eda, la literatura, la historia, las ciencias de la comunicaci\u00f3n, la antropolog\u00eda y la sociolog\u00eda, es que se propone la creaci\u00f3n de una \u201c<em><strong>C\u00e1tedra Abierta. Seminario Interdisciplinario en Humanidades y Ciencias Sociales<\/strong><\/em>\u201d. El prop\u00f3sito de este Seminario ser\u00e1 visibilizar y difundir el desarrollo que estas disciplinas tienen al interior de la Universidad y Facultad, y tambi\u00e9n compartir y ampliar los v\u00ednculos que a trav\u00e9s de estas investigaciones enriquecen nuestras perspectivas y campos de conocimiento.<\/p>\n<p style=\"text-align: justify;\">&#8220;<strong>Neoextractivismo, formaciones de clase y post-neoliberalismo en Latinoam\u00e9rica<\/strong>&#8221; se realizar\u00e1 el <strong>jueves 25,<\/strong> a las 19 horas, en <strong>Casa Luis Oyarz\u00fan<\/strong>.<\/p>\n<p style=\"text-align: justify;\">\n","protected":false},"excerpt":{"rendered":"<p>Organizada por la Facultad de Filosof\u00eda y Humanidades en colaboraci\u00f3n con la Direcci\u00f3n de Vinculaci\u00f3n con el Medio de la UACh, la nueva C\u00e1tedra en Humanidades y Ciencias Sociales se realizar\u00e1 el jueves 25 en Casa Luis Oyarz\u00fan.<\/p>\n","protected":false},"author":3,"featured_media":21594,"comment_status":"closed","ping_status":"closed","sticky":false,"template":"","format":"standard","meta":[],"categories":[22,1443,1,215,920],"tags":[3302,360,3259,224,3297,3301,3300,3298,73,3299],"_links":{"self":[{"href":"https:\/\/humanidades.uach.cl\/respaldo\/wp-json\/wp\/v2\/posts\/21593"}],"collection":[{"href":"https:\/\/humanidades.uach.cl\/respaldo\/wp-json\/wp\/v2\/posts"}],"about":[{"href":"https:\/\/humanidades.uach.cl\/respaldo\/wp-json\/wp\/v2\/types\/post"}],"author":[{"embeddable":true,"href":"https:\/\/humanidades.uach.cl\/respaldo\/wp-json\/wp\/v2\/users\/3"}],"replies":[{"embeddable":true,"href":"https:\/\/humanidades.uach.cl\/respaldo\/wp-json\/wp\/v2\/comments?post=21593"}],"version-history":[{"count":4,"href":"https:\/\/humanidades.uach.cl\/respaldo\/wp-json\/wp\/v2\/posts\/21593\/revisions"}],"predecessor-version":[{"id":21598,"href":"https:\/\/humanidades.uach.cl\/respaldo\/wp-json\/wp\/v2\/posts\/21593\/revisions\/21598"}],"wp:featuredmedia":[{"embeddable":true,"href":"https:\/\/humanidades.uach.cl\/respaldo\/wp-json\/wp\/v2\/media\/21594"}],"wp:attachment":[{"href":"https:\/\/humanidades.uach.cl\/respaldo\/wp-json\/wp\/v2\/media?parent=21593"}],"wp:term":[{"taxonomy":"category","embeddable":true,"href":"https:\/\/humanidades.uach.cl\/respaldo\/wp-json\/wp\/v2\/categories?post=21593"},{"taxonomy":"post_tag","embeddable":true,"href":"https:\/\/humanidades.uach.cl\/respaldo\/wp-json\/wp\/v2\/tags?post=21593"}],"curies":[{"name":"wp","href":"https:\/\/api.w.org\/{rel}","templated":true}]}}