{"id":10158,"date":"2013-08-02T11:59:20","date_gmt":"2013-08-02T15:59:20","guid":{"rendered":"http:\/\/humanidades.uach.cl\/respaldo\/?p=10158"},"modified":"2013-08-02T12:06:25","modified_gmt":"2013-08-02T16:06:25","slug":"enterate-de-todos-sobre-el-proyecto-de-extension-intangibles-patrimonio-vivo-en-los-rios","status":"publish","type":"post","link":"http:\/\/humanidades.uach.cl\/respaldo\/2013\/08\/02\/enterate-de-todos-sobre-el-proyecto-de-extension-intangibles-patrimonio-vivo-en-los-rios\/","title":{"rendered":"Ent\u00e9rate de Todo Sobre el Proyecto de Extensi\u00f3n &#8220;Intangibles, Patrimonio Vivo en los Rios&#8221;."},"content":{"rendered":"<p style=\"text-align: justify;\"><b>En la Entrevista Alterna de la Semana: <\/b><\/p>\n<p style=\"text-align: justify;\">Conversamos con el estudiante de Antropolog\u00eda, Nicol\u00e1s Pe\u00f1a, responsable del proyecto de extensi\u00f3n \u201cIntangibles, patrimonio vivo en los r\u00edos\u201d microprograma de radio difusi\u00f3n del patrimonio inmaterial de la ciudad de Valdivia y sus alrededores.<b><\/b><\/p>\n<p style=\"text-align: justify;\"><b>En el especial de M\u00fasica alterna: <\/b><\/p>\n<p style=\"text-align: justify;\">En el especial de m\u00fasica alterna escucharemos a la banda valdiviana Fuma y Baila.<\/p>\n<p><iframe src=\"http:\/\/www.ivoox.com\/player_ej_2259234_1.html\" height=\"120\" width=\"100%\" allowfullscreen=\"\" frameborder=\"0\" scrolling=\"no\"><\/iframe><\/p>\n<p>&nbsp;<\/p>\n","protected":false},"excerpt":{"rendered":"<p>Cap\u00edtulo n\u00b0 51 \u2013 Julio \u2013 2013<br \/>\nConducido por: Carolina Angulo.-<\/p>\n","protected":false},"author":3,"featured_media":10159,"comment_status":"open","ping_status":"open","sticky":false,"template":"","format":"standard","meta":[],"categories":[825,1,131,37,68],"tags":[],"_links":{"self":[{"href":"http:\/\/humanidades.uach.cl\/respaldo\/wp-json\/wp\/v2\/posts\/10158"}],"collection":[{"href":"http:\/\/humanidades.uach.cl\/respaldo\/wp-json\/wp\/v2\/posts"}],"about":[{"href":"http:\/\/humanidades.uach.cl\/respaldo\/wp-json\/wp\/v2\/types\/post"}],"author":[{"embeddable":true,"href":"http:\/\/humanidades.uach.cl\/respaldo\/wp-json\/wp\/v2\/users\/3"}],"replies":[{"embeddable":true,"href":"http:\/\/humanidades.uach.cl\/respaldo\/wp-json\/wp\/v2\/comments?post=10158"}],"version-history":[{"count":5,"href":"http:\/\/humanidades.uach.cl\/respaldo\/wp-json\/wp\/v2\/posts\/10158\/revisions"}],"predecessor-version":[{"id":10162,"href":"http:\/\/humanidades.uach.cl\/respaldo\/wp-json\/wp\/v2\/posts\/10158\/revisions\/10162"}],"wp:featuredmedia":[{"embeddable":true,"href":"http:\/\/humanidades.uach.cl\/respaldo\/wp-json\/wp\/v2\/media\/10159"}],"wp:attachment":[{"href":"http:\/\/humanidades.uach.cl\/respaldo\/wp-json\/wp\/v2\/media?parent=10158"}],"wp:term":[{"taxonomy":"category","embeddable":true,"href":"http:\/\/humanidades.uach.cl\/respaldo\/wp-json\/wp\/v2\/categories?post=10158"},{"taxonomy":"post_tag","embeddable":true,"href":"http:\/\/humanidades.uach.cl\/respaldo\/wp-json\/wp\/v2\/tags?post=10158"}],"curies":[{"name":"wp","href":"https:\/\/api.w.org\/{rel}","templated":true}]}}